{"id":11238,"date":"2025-04-08T16:07:34","date_gmt":"2025-04-08T14:07:34","guid":{"rendered":"https:\/\/agora.xtec.cat\/ceipmisericordia-reus\/?p=11238"},"modified":"2025-04-29T17:18:17","modified_gmt":"2025-04-29T15:18:17","slug":"els-ocells-al-parc","status":"publish","type":"post","link":"https:\/\/agora.xtec.cat\/ceipmisericordia-reus\/portada\/els-ocells-al-parc\/","title":{"rendered":"ELS OCELLS AL PARC"},"content":{"rendered":"<p><span style=\"font-weight: 400;\">El passat divendres, 4 d\u2019abril, l&#8217;alumnat de cicle mitj\u00e0 va gaudir d&#8217;una sortida molt enriquidora al Parc Sant Jordi, on van poder observar i con\u00e8ixer diferents esp\u00e8cies d&#8217;ocells en el seu h\u00e0bitat natural. Una activitat ideal per despertar la curiositat i l&#8217;estima per la natura. S\u2019ho van passar d\u2019all\u00f2 m\u00e9s b\u00e9 i van aprendre un munt de coses noves!<\/span> <a href=\"https:\/\/agora.xtec.cat\/ceipmisericordia-reus\/wp-content\/uploads\/usu2066\/2025\/04\/OCELLS-AL-PARC-1-scaled.jpg\"><img loading=\"lazy\" decoding=\"async\" class=\"alignleft size-large wp-image-11240\" src=\"https:\/\/agora.xtec.cat\/ceipmisericordia-reus\/wp-content\/uploads\/usu2066\/2025\/04\/OCELLS-AL-PARC-1-768x1024.jpg\" alt=\"\" width=\"768\" height=\"1024\" srcset=\"https:\/\/agora.xtec.cat\/ceipmisericordia-reus\/wp-content\/uploads\/usu2066\/2025\/04\/OCELLS-AL-PARC-1-768x1024.jpg 768w, https:\/\/agora.xtec.cat\/ceipmisericordia-reus\/wp-content\/uploads\/usu2066\/2025\/04\/OCELLS-AL-PARC-1-225x300.jpg 225w, https:\/\/agora.xtec.cat\/ceipmisericordia-reus\/wp-content\/uploads\/usu2066\/2025\/04\/OCELLS-AL-PARC-1-1152x1536.jpg 1152w, https:\/\/agora.xtec.cat\/ceipmisericordia-reus\/wp-content\/uploads\/usu2066\/2025\/04\/OCELLS-AL-PARC-1-1536x2048.jpg 1536w, https:\/\/agora.xtec.cat\/ceipmisericordia-reus\/wp-content\/uploads\/usu2066\/2025\/04\/OCELLS-AL-PARC-1-scaled.jpg 1920w\" sizes=\"auto, (max-width: 768px) 100vw, 768px\" \/><\/a><\/p>\n","protected":false},"excerpt":{"rendered":"<p>El passat divendres, 4 d\u2019abril, l&#8217;alumnat de cicle mitj\u00e0 va gaudir d&#8217;una sortida molt enriquidora al Parc Sant Jordi, on van poder observar i con\u00e8ixer diferents esp\u00e8cies d&#8217;ocells en el seu h\u00e0bitat natural. Una activitat ideal per despertar la curiositat i l&#8217;estima per la natura.&hellip;  <a href=\"https:\/\/agora.xtec.cat\/ceipmisericordia-reus\/portada\/els-ocells-al-parc\/\" title=\"Read ELS OCELLS AL PARC\">Llegeix m\u00e9s\u00bb<\/a><\/p>\n","protected":false},"author":4,"featured_media":0,"comment_status":"open","ping_status":"closed","sticky":false,"template":"","format":"standard","meta":{"_bbp_topic_count":0,"_bbp_reply_count":0,"_bbp_total_topic_count":0,"_bbp_total_reply_count":0,"_bbp_voice_count":0,"_bbp_anonymous_reply_count":0,"_bbp_topic_count_hidden":0,"_bbp_reply_count_hidden":0,"_bbp_forum_subforum_count":0,"footnotes":""},"categories":[79,4],"tags":[534],"class_list":["post-11238","post","type-post","status-publish","format-standard","hentry","category-cicle-mitja","category-portada","tag-escolamisericordiadereus-escolapublica-ocellsalparc-miradanatural-monmisericordia"],"post_mailing_queue_ids":[],"_links":{"self":[{"href":"https:\/\/agora.xtec.cat\/ceipmisericordia-reus\/wp-json\/wp\/v2\/posts\/11238","targetHints":{"allow":["GET"]}}],"collection":[{"href":"https:\/\/agora.xtec.cat\/ceipmisericordia-reus\/wp-json\/wp\/v2\/posts"}],"about":[{"href":"https:\/\/agora.xtec.cat\/ceipmisericordia-reus\/wp-json\/wp\/v2\/types\/post"}],"author":[{"embeddable":true,"href":"https:\/\/agora.xtec.cat\/ceipmisericordia-reus\/wp-json\/wp\/v2\/users\/4"}],"replies":[{"embeddable":true,"href":"https:\/\/agora.xtec.cat\/ceipmisericordia-reus\/wp-json\/wp\/v2\/comments?post=11238"}],"version-history":[{"count":2,"href":"https:\/\/agora.xtec.cat\/ceipmisericordia-reus\/wp-json\/wp\/v2\/posts\/11238\/revisions"}],"predecessor-version":[{"id":11287,"href":"https:\/\/agora.xtec.cat\/ceipmisericordia-reus\/wp-json\/wp\/v2\/posts\/11238\/revisions\/11287"}],"wp:attachment":[{"href":"https:\/\/agora.xtec.cat\/ceipmisericordia-reus\/wp-json\/wp\/v2\/media?parent=11238"}],"wp:term":[{"taxonomy":"category","embeddable":true,"href":"https:\/\/agora.xtec.cat\/ceipmisericordia-reus\/wp-json\/wp\/v2\/categories?post=11238"},{"taxonomy":"post_tag","embeddable":true,"href":"https:\/\/agora.xtec.cat\/ceipmisericordia-reus\/wp-json\/wp\/v2\/tags?post=11238"}],"curies":[{"name":"wp","href":"https:\/\/api.w.org\/{rel}","templated":true}]}}