{"id":11226,"date":"2025-04-04T15:50:34","date_gmt":"2025-04-04T13:50:34","guid":{"rendered":"https:\/\/agora.xtec.cat\/ceipmisericordia-reus\/?p=11226"},"modified":"2025-04-04T15:51:18","modified_gmt":"2025-04-04T13:51:18","slug":"ii-jornada-esportiva","status":"publish","type":"post","link":"https:\/\/agora.xtec.cat\/ceipmisericordia-reus\/general\/ii-jornada-esportiva\/","title":{"rendered":"II JORNADA ESPORTIVA"},"content":{"rendered":"<div dir=\"auto\">El dilluns 31 de mar\u00e7, des dels m\u00e9s petits fins als m\u00e9s grans de la nostra escola, van realitzar la II jornada esportiva, realitzant l\u2019esport del b\u00e0squet. Els partits van estar molt emocionants!!<\/div>\n<div dir=\"auto\"><\/div>\n<div dir=\"auto\"><span style=\"color: #000000;\"><span class=\"html-span xdj266r x11i5rnm xat24cr x1mh8g0r xexx8yu x4uap5 x18d9i69 xkhd6sd x1hl2dhg x16tdsg8 x1vvkbs\"><a class=\"x1i10hfl xjbqb8w x1ejq31n xd10rxx x1sy0etr x17r0tee x972fbf xcfux6l x1qhh985 xm0m39n x9f619 x1ypdohk xt0psk2 xe8uvvx xdj266r x11i5rnm xat24cr x1mh8g0r xexx8yu x4uap5 x18d9i69 xkhd6sd x16tdsg8 x1hl2dhg xggy1nq x1a2a7pz xkrqix3 x1sur9pj x1fey0fg x1s688f\" style=\"color: #000000;\" tabindex=\"0\" role=\"link\" href=\"https:\/\/www.facebook.com\/hashtag\/escolamisericordiadereus?__eep__=6&amp;__cft__[0]=AZURPqfDlgWynmIBQanOwI1-xS-lZlKd_OTVL9rA0p6kdBtxzdvEj70UkJo3iU8DfX5yyoovKFDh2yU2vrWmVOcnhgU5BTj0KCmf30m1CEdtzg&amp;__tn__=*NK-R\">#escolamisericordiadereus<\/a><\/span> <span class=\"html-span xdj266r x11i5rnm xat24cr x1mh8g0r xexx8yu x4uap5 x18d9i69 xkhd6sd x1hl2dhg x16tdsg8 x1vvkbs\"><a class=\"x1i10hfl xjbqb8w x1ejq31n xd10rxx x1sy0etr x17r0tee x972fbf xcfux6l x1qhh985 xm0m39n x9f619 x1ypdohk xt0psk2 xe8uvvx xdj266r x11i5rnm xat24cr x1mh8g0r xexx8yu x4uap5 x18d9i69 xkhd6sd x16tdsg8 x1hl2dhg xggy1nq x1a2a7pz xkrqix3 x1sur9pj x1fey0fg x1s688f\" style=\"color: #000000;\" tabindex=\"0\" role=\"link\" href=\"https:\/\/www.facebook.com\/hashtag\/escolap%C3%BAblica?__eep__=6&amp;__cft__[0]=AZURPqfDlgWynmIBQanOwI1-xS-lZlKd_OTVL9rA0p6kdBtxzdvEj70UkJo3iU8DfX5yyoovKFDh2yU2vrWmVOcnhgU5BTj0KCmf30m1CEdtzg&amp;__tn__=*NK-R\">#escolap\u00fablica <\/a><\/span><span class=\"html-span xdj266r x11i5rnm xat24cr x1mh8g0r xexx8yu x4uap5 x18d9i69 xkhd6sd x1hl2dhg x16tdsg8 x1vvkbs\"><a class=\"x1i10hfl xjbqb8w x1ejq31n xd10rxx x1sy0etr x17r0tee x972fbf xcfux6l x1qhh985 xm0m39n x9f619 x1ypdohk xt0psk2 xe8uvvx xdj266r x11i5rnm xat24cr x1mh8g0r xexx8yu x4uap5 x18d9i69 xkhd6sd x16tdsg8 x1hl2dhg xggy1nq x1a2a7pz xkrqix3 x1sur9pj x1fey0fg x1s688f\" style=\"color: #000000;\" tabindex=\"0\" role=\"link\" href=\"https:\/\/www.facebook.com\/hashtag\/monmisericordia?__eep__=6&amp;__cft__[0]=AZURPqfDlgWynmIBQanOwI1-xS-lZlKd_OTVL9rA0p6kdBtxzdvEj70UkJo3iU8DfX5yyoovKFDh2yU2vrWmVOcnhgU5BTj0KCmf30m1CEdtzg&amp;__tn__=*NK-R\">#monmisericordia <\/a><\/span><span class=\"html-span xdj266r x11i5rnm xat24cr x1mh8g0r xexx8yu x4uap5 x18d9i69 xkhd6sd x1hl2dhg x16tdsg8 x1vvkbs\"><a class=\"x1i10hfl xjbqb8w x1ejq31n xd10rxx x1sy0etr x17r0tee x972fbf xcfux6l x1qhh985 xm0m39n x9f619 x1ypdohk xt0psk2 xe8uvvx xdj266r x11i5rnm xat24cr x1mh8g0r xexx8yu x4uap5 x18d9i69 xkhd6sd x16tdsg8 x1hl2dhg xggy1nq x1a2a7pz xkrqix3 x1sur9pj x1fey0fg x1s688f\" style=\"color: #000000;\" tabindex=\"0\" role=\"link\" href=\"https:\/\/www.facebook.com\/hashtag\/educaci%C3%B3f%C3%ADsica?__eep__=6&amp;__cft__[0]=AZURPqfDlgWynmIBQanOwI1-xS-lZlKd_OTVL9rA0p6kdBtxzdvEj70UkJo3iU8DfX5yyoovKFDh2yU2vrWmVOcnhgU5BTj0KCmf30m1CEdtzg&amp;__tn__=*NK-R\">#Educaci\u00f3F\u00edsica<\/a><\/span><\/span><\/div>\n<div dir=\"auto\"><\/div>\n<div dir=\"auto\"><\/div>\n<div dir=\"auto\"><a href=\"https:\/\/agora.xtec.cat\/ceipmisericordia-reus\/wp-content\/uploads\/usu2066\/2025\/04\/2-scaled.jpg\"><img loading=\"lazy\" decoding=\"async\" class=\"alignleft  wp-image-11227\" src=\"https:\/\/agora.xtec.cat\/ceipmisericordia-reus\/wp-content\/uploads\/usu2066\/2025\/04\/2-1024x462.jpg\" alt=\"\" width=\"2086\" height=\"941\" srcset=\"https:\/\/agora.xtec.cat\/ceipmisericordia-reus\/wp-content\/uploads\/usu2066\/2025\/04\/2-1024x462.jpg 1024w, https:\/\/agora.xtec.cat\/ceipmisericordia-reus\/wp-content\/uploads\/usu2066\/2025\/04\/2-300x135.jpg 300w, https:\/\/agora.xtec.cat\/ceipmisericordia-reus\/wp-content\/uploads\/usu2066\/2025\/04\/2-768x346.jpg 768w, https:\/\/agora.xtec.cat\/ceipmisericordia-reus\/wp-content\/uploads\/usu2066\/2025\/04\/2-1536x692.jpg 1536w, https:\/\/agora.xtec.cat\/ceipmisericordia-reus\/wp-content\/uploads\/usu2066\/2025\/04\/2-2048x923.jpg 2048w\" sizes=\"auto, (max-width: 2086px) 100vw, 2086px\" \/><\/a><\/div>\n","protected":false},"excerpt":{"rendered":"<p>El dilluns 31 de mar\u00e7, des dels m\u00e9s petits fins als m\u00e9s grans de la nostra escola, van realitzar la II jornada esportiva, realitzant l\u2019esport del b\u00e0squet. Els partits van estar molt emocionants!!<\/p>\n<p><a class=\"x1i10hfl xjbqb8w x1ejq31n xd10rxx x1sy0etr x17r0tee x972fbf xcfux6l x1qhh985 xm0m39n x9f619 x1ypdohk&hellip;  <a href=\"https:\/\/agora.xtec.cat\/ceipmisericordia-reus\/general\/ii-jornada-esportiva\/\" title=\"Read II JORNADA ESPORTIVA\">Llegeix m\u00e9s\u00bb<\/a><\/p>\n","protected":false},"author":4,"featured_media":0,"comment_status":"open","ping_status":"closed","sticky":false,"template":"","format":"standard","meta":{"_bbp_topic_count":0,"_bbp_reply_count":0,"_bbp_total_topic_count":0,"_bbp_total_reply_count":0,"_bbp_voice_count":0,"_bbp_anonymous_reply_count":0,"_bbp_topic_count_hidden":0,"_bbp_reply_count_hidden":0,"_bbp_forum_subforum_count":0,"footnotes":""},"categories":[92,1,4],"tags":[],"class_list":["post-11226","post","type-post","status-publish","format-standard","hentry","category-activitats-al-centre","category-general","category-portada"],"post_mailing_queue_ids":[],"_links":{"self":[{"href":"https:\/\/agora.xtec.cat\/ceipmisericordia-reus\/wp-json\/wp\/v2\/posts\/11226","targetHints":{"allow":["GET"]}}],"collection":[{"href":"https:\/\/agora.xtec.cat\/ceipmisericordia-reus\/wp-json\/wp\/v2\/posts"}],"about":[{"href":"https:\/\/agora.xtec.cat\/ceipmisericordia-reus\/wp-json\/wp\/v2\/types\/post"}],"author":[{"embeddable":true,"href":"https:\/\/agora.xtec.cat\/ceipmisericordia-reus\/wp-json\/wp\/v2\/users\/4"}],"replies":[{"embeddable":true,"href":"https:\/\/agora.xtec.cat\/ceipmisericordia-reus\/wp-json\/wp\/v2\/comments?post=11226"}],"version-history":[{"count":2,"href":"https:\/\/agora.xtec.cat\/ceipmisericordia-reus\/wp-json\/wp\/v2\/posts\/11226\/revisions"}],"predecessor-version":[{"id":11229,"href":"https:\/\/agora.xtec.cat\/ceipmisericordia-reus\/wp-json\/wp\/v2\/posts\/11226\/revisions\/11229"}],"wp:attachment":[{"href":"https:\/\/agora.xtec.cat\/ceipmisericordia-reus\/wp-json\/wp\/v2\/media?parent=11226"}],"wp:term":[{"taxonomy":"category","embeddable":true,"href":"https:\/\/agora.xtec.cat\/ceipmisericordia-reus\/wp-json\/wp\/v2\/categories?post=11226"},{"taxonomy":"post_tag","embeddable":true,"href":"https:\/\/agora.xtec.cat\/ceipmisericordia-reus\/wp-json\/wp\/v2\/tags?post=11226"}],"curies":[{"name":"wp","href":"https:\/\/api.w.org\/{rel}","templated":true}]}}