{"id":11152,"date":"2025-03-18T15:13:47","date_gmt":"2025-03-18T14:13:47","guid":{"rendered":"https:\/\/agora.xtec.cat\/ceipmisericordia-reus\/?p=11152"},"modified":"2025-03-18T15:13:47","modified_gmt":"2025-03-18T14:13:47","slug":"2n-comite-ambiental-2","status":"publish","type":"post","link":"https:\/\/agora.xtec.cat\/ceipmisericordia-reus\/infantil\/2n-comite-ambiental-2\/","title":{"rendered":"2N COMIT\u00c8 AMBIENTAL!"},"content":{"rendered":"<p>Hem celebrat el 2n Comit\u00e8 Ambiental del curs, on s\u2019han presentat diferents gestos per cuidar el planeta. Hem apr\u00e8s la import\u00e0ncia dels animals de la granja i quins productes ens proporcionen. Tamb\u00e9 hem parlat del reciclatge i les conseq\u00fc\u00e8ncies de no fer-lo correctament, com l\u2019escalfament global, la sequera, els incendis forestals, els canvis en el clima\u2026 per aix\u00f2, han presentat l\u2019elaboraci\u00f3 d\u2019un pluvi\u00f2metre. Finalment, hem valorat i presentat el treball realitzat a l\u2019hort de l\u2019escola.<br \/>\n<a href=\"https:\/\/agora.xtec.cat\/ceipmisericordia-reus\/wp-content\/uploads\/usu2066\/2025\/03\/WhatsApp-Image-2025-03-13-at-18.49.04.jpeg\"><img loading=\"lazy\" decoding=\"async\" class=\"alignleft size-large wp-image-11153\" src=\"https:\/\/agora.xtec.cat\/ceipmisericordia-reus\/wp-content\/uploads\/usu2066\/2025\/03\/WhatsApp-Image-2025-03-13-at-18.49.04-1024x578.jpeg\" alt=\"\" width=\"1024\" height=\"578\" srcset=\"https:\/\/agora.xtec.cat\/ceipmisericordia-reus\/wp-content\/uploads\/usu2066\/2025\/03\/WhatsApp-Image-2025-03-13-at-18.49.04-1024x578.jpeg 1024w, https:\/\/agora.xtec.cat\/ceipmisericordia-reus\/wp-content\/uploads\/usu2066\/2025\/03\/WhatsApp-Image-2025-03-13-at-18.49.04-300x169.jpeg 300w, https:\/\/agora.xtec.cat\/ceipmisericordia-reus\/wp-content\/uploads\/usu2066\/2025\/03\/WhatsApp-Image-2025-03-13-at-18.49.04-768x433.jpeg 768w, https:\/\/agora.xtec.cat\/ceipmisericordia-reus\/wp-content\/uploads\/usu2066\/2025\/03\/WhatsApp-Image-2025-03-13-at-18.49.04-1536x866.jpeg 1536w, https:\/\/agora.xtec.cat\/ceipmisericordia-reus\/wp-content\/uploads\/usu2066\/2025\/03\/WhatsApp-Image-2025-03-13-at-18.49.04.jpeg 2000w\" sizes=\"auto, (max-width: 1024px) 100vw, 1024px\" \/><\/a><\/p>\n","protected":false},"excerpt":{"rendered":"<p>Hem celebrat el 2n Comit\u00e8 Ambiental del curs, on s\u2019han presentat diferents gestos per cuidar el planeta. Hem apr\u00e8s la import\u00e0ncia dels animals de la granja i quins productes ens proporcionen. Tamb\u00e9 hem parlat del reciclatge i les conseq\u00fc\u00e8ncies de no fer-lo correctament, com l\u2019escalfament&hellip;  <a href=\"https:\/\/agora.xtec.cat\/ceipmisericordia-reus\/infantil\/2n-comite-ambiental-2\/\" title=\"Read 2N COMIT\u00c8 AMBIENTAL!\">Llegeix m\u00e9s\u00bb<\/a><\/p>\n","protected":false},"author":4,"featured_media":0,"comment_status":"open","ping_status":"closed","sticky":false,"template":"","format":"standard","meta":{"_bbp_topic_count":0,"_bbp_reply_count":0,"_bbp_total_topic_count":0,"_bbp_total_reply_count":0,"_bbp_voice_count":0,"_bbp_anonymous_reply_count":0,"_bbp_topic_count_hidden":0,"_bbp_reply_count_hidden":0,"_bbp_forum_subforum_count":0,"footnotes":""},"categories":[91,2,4],"tags":[320,125,218,236],"class_list":["post-11152","post","type-post","status-publish","format-standard","hentry","category-ed-primaria","category-infantil","category-portada","tag-comiteambiental","tag-escolamisericordiadereus","tag-escolapublica","tag-monmisericordia"],"post_mailing_queue_ids":[],"_links":{"self":[{"href":"https:\/\/agora.xtec.cat\/ceipmisericordia-reus\/wp-json\/wp\/v2\/posts\/11152","targetHints":{"allow":["GET"]}}],"collection":[{"href":"https:\/\/agora.xtec.cat\/ceipmisericordia-reus\/wp-json\/wp\/v2\/posts"}],"about":[{"href":"https:\/\/agora.xtec.cat\/ceipmisericordia-reus\/wp-json\/wp\/v2\/types\/post"}],"author":[{"embeddable":true,"href":"https:\/\/agora.xtec.cat\/ceipmisericordia-reus\/wp-json\/wp\/v2\/users\/4"}],"replies":[{"embeddable":true,"href":"https:\/\/agora.xtec.cat\/ceipmisericordia-reus\/wp-json\/wp\/v2\/comments?post=11152"}],"version-history":[{"count":1,"href":"https:\/\/agora.xtec.cat\/ceipmisericordia-reus\/wp-json\/wp\/v2\/posts\/11152\/revisions"}],"predecessor-version":[{"id":11154,"href":"https:\/\/agora.xtec.cat\/ceipmisericordia-reus\/wp-json\/wp\/v2\/posts\/11152\/revisions\/11154"}],"wp:attachment":[{"href":"https:\/\/agora.xtec.cat\/ceipmisericordia-reus\/wp-json\/wp\/v2\/media?parent=11152"}],"wp:term":[{"taxonomy":"category","embeddable":true,"href":"https:\/\/agora.xtec.cat\/ceipmisericordia-reus\/wp-json\/wp\/v2\/categories?post=11152"},{"taxonomy":"post_tag","embeddable":true,"href":"https:\/\/agora.xtec.cat\/ceipmisericordia-reus\/wp-json\/wp\/v2\/tags?post=11152"}],"curies":[{"name":"wp","href":"https:\/\/api.w.org\/{rel}","templated":true}]}}