{"id":10993,"date":"2025-01-21T15:22:27","date_gmt":"2025-01-21T14:22:27","guid":{"rendered":"https:\/\/agora.xtec.cat\/ceipmisericordia-reus\/?p=10993"},"modified":"2025-01-21T15:22:27","modified_gmt":"2025-01-21T14:22:27","slug":"vine-al-meu-pati","status":"publish","type":"post","link":"https:\/\/agora.xtec.cat\/ceipmisericordia-reus\/general\/vine-al-meu-pati\/","title":{"rendered":"VINE AL MEU PATI"},"content":{"rendered":"<p>Ahir els alumnes de Cicle Inicial vam participar en l&#8217;activitat de \u201cVine al meu pati\u201d junt amb altres escoles del barri. Va ser una experi\u00e8ncia enriquidora de trobar-nos amb altres companys i companyes i de practicar h\u00e0bits saludables com \u00e9s l\u2019esport.<\/p>\n<p><a href=\"https:\/\/agora.xtec.cat\/ceipmisericordia-reus\/wp-content\/uploads\/usu2066\/2025\/01\/1.png\"><img loading=\"lazy\" decoding=\"async\" class=\"alignleft size-full wp-image-10995\" src=\"https:\/\/agora.xtec.cat\/ceipmisericordia-reus\/wp-content\/uploads\/usu2066\/2025\/01\/1.png\" alt=\"\" width=\"622\" height=\"837\" srcset=\"https:\/\/agora.xtec.cat\/ceipmisericordia-reus\/wp-content\/uploads\/usu2066\/2025\/01\/1.png 622w, https:\/\/agora.xtec.cat\/ceipmisericordia-reus\/wp-content\/uploads\/usu2066\/2025\/01\/1-223x300.png 223w\" sizes=\"auto, (max-width: 622px) 100vw, 622px\" \/><\/a><\/p>\n","protected":false},"excerpt":{"rendered":"<p>Ahir els alumnes de Cicle Inicial vam participar en l&#8217;activitat de \u201cVine al meu pati\u201d junt amb altres escoles del barri. Va ser una experi\u00e8ncia enriquidora de trobar-nos amb altres companys i companyes i de practicar h\u00e0bits saludables com \u00e9s l\u2019esport.<br \/>\n<a href=\"https:\/\/agora.xtec.cat\/ceipmisericordia-reus\/wp-content\/uploads\/usu2066\/2025\/01\/1.png\"><\/a><\/p>\n","protected":false},"author":4,"featured_media":0,"comment_status":"open","ping_status":"closed","sticky":false,"template":"","format":"standard","meta":{"_bbp_topic_count":0,"_bbp_reply_count":0,"_bbp_total_topic_count":0,"_bbp_total_reply_count":0,"_bbp_voice_count":0,"_bbp_anonymous_reply_count":0,"_bbp_topic_count_hidden":0,"_bbp_reply_count_hidden":0,"_bbp_forum_subforum_count":0,"footnotes":""},"categories":[10,11,74,1,97,4],"tags":[495],"class_list":["post-10993","post","type-post","status-publish","format-standard","hentry","category-1r","category-2n","category-cicle-inicial","category-general","category-noticies","category-portada","tag-escolamisericordiadereus-escolapublica"],"post_mailing_queue_ids":[],"_links":{"self":[{"href":"https:\/\/agora.xtec.cat\/ceipmisericordia-reus\/wp-json\/wp\/v2\/posts\/10993","targetHints":{"allow":["GET"]}}],"collection":[{"href":"https:\/\/agora.xtec.cat\/ceipmisericordia-reus\/wp-json\/wp\/v2\/posts"}],"about":[{"href":"https:\/\/agora.xtec.cat\/ceipmisericordia-reus\/wp-json\/wp\/v2\/types\/post"}],"author":[{"embeddable":true,"href":"https:\/\/agora.xtec.cat\/ceipmisericordia-reus\/wp-json\/wp\/v2\/users\/4"}],"replies":[{"embeddable":true,"href":"https:\/\/agora.xtec.cat\/ceipmisericordia-reus\/wp-json\/wp\/v2\/comments?post=10993"}],"version-history":[{"count":1,"href":"https:\/\/agora.xtec.cat\/ceipmisericordia-reus\/wp-json\/wp\/v2\/posts\/10993\/revisions"}],"predecessor-version":[{"id":10996,"href":"https:\/\/agora.xtec.cat\/ceipmisericordia-reus\/wp-json\/wp\/v2\/posts\/10993\/revisions\/10996"}],"wp:attachment":[{"href":"https:\/\/agora.xtec.cat\/ceipmisericordia-reus\/wp-json\/wp\/v2\/media?parent=10993"}],"wp:term":[{"taxonomy":"category","embeddable":true,"href":"https:\/\/agora.xtec.cat\/ceipmisericordia-reus\/wp-json\/wp\/v2\/categories?post=10993"},{"taxonomy":"post_tag","embeddable":true,"href":"https:\/\/agora.xtec.cat\/ceipmisericordia-reus\/wp-json\/wp\/v2\/tags?post=10993"}],"curies":[{"name":"wp","href":"https:\/\/api.w.org\/{rel}","templated":true}]}}