{"id":10975,"date":"2024-12-20T11:47:26","date_gmt":"2024-12-20T10:47:26","guid":{"rendered":"https:\/\/agora.xtec.cat\/ceipmisericordia-reus\/?p=10975"},"modified":"2024-12-20T11:47:26","modified_gmt":"2024-12-20T10:47:26","slug":"patge-i-tio","status":"publish","type":"post","link":"https:\/\/agora.xtec.cat\/ceipmisericordia-reus\/general\/patge-i-tio\/","title":{"rendered":"PATGE I TI\u00d3"},"content":{"rendered":"<p>Avui dia 20, \u00faltim dia abans de les vacances de Nadal, ens ha visitat el patge i hem fet cagar el ti\u00f3.<br \/>\nA continuaci\u00f3 compartim amb vosaltres un recull fotogr\u00e0fic dels dos actes.<br \/>\nEstem molt contents!!!<br \/>\nBones Festes a tots!!!<\/p>\n<p><a href=\"https:\/\/agora.xtec.cat\/ceipmisericordia-reus\/wp-content\/uploads\/usu2066\/2024\/12\/WHCN8904.jpg\"><img loading=\"lazy\" decoding=\"async\" class=\"alignleft size-large wp-image-10976\" src=\"https:\/\/agora.xtec.cat\/ceipmisericordia-reus\/wp-content\/uploads\/usu2066\/2024\/12\/WHCN8904-1024x768.jpg\" alt=\"\" width=\"1024\" height=\"768\" srcset=\"https:\/\/agora.xtec.cat\/ceipmisericordia-reus\/wp-content\/uploads\/usu2066\/2024\/12\/WHCN8904-1024x768.jpg 1024w, https:\/\/agora.xtec.cat\/ceipmisericordia-reus\/wp-content\/uploads\/usu2066\/2024\/12\/WHCN8904-300x225.jpg 300w, https:\/\/agora.xtec.cat\/ceipmisericordia-reus\/wp-content\/uploads\/usu2066\/2024\/12\/WHCN8904-768x576.jpg 768w, https:\/\/agora.xtec.cat\/ceipmisericordia-reus\/wp-content\/uploads\/usu2066\/2024\/12\/WHCN8904-1536x1152.jpg 1536w, https:\/\/agora.xtec.cat\/ceipmisericordia-reus\/wp-content\/uploads\/usu2066\/2024\/12\/WHCN8904-200x150.jpg 200w, https:\/\/agora.xtec.cat\/ceipmisericordia-reus\/wp-content\/uploads\/usu2066\/2024\/12\/WHCN8904.jpg 1600w\" sizes=\"auto, (max-width: 1024px) 100vw, 1024px\" \/><\/a><\/p>\n","protected":false},"excerpt":{"rendered":"<p>Avui dia 20, \u00faltim dia abans de les vacances de Nadal, ens ha visitat el patge i hem fet cagar el ti\u00f3.<br \/>\nA continuaci\u00f3 compartim amb vosaltres un recull fotogr\u00e0fic dels dos actes.<br \/>\nEstem molt contents!!!<br \/>\nBones Festes a tots!!!<br \/>\n<a href=\"https:\/\/agora.xtec.cat\/ceipmisericordia-reus\/wp-content\/uploads\/usu2066\/2024\/12\/WHCN8904.jpg\"><\/a><\/p>\n","protected":false},"author":4,"featured_media":0,"comment_status":"open","ping_status":"closed","sticky":false,"template":"","format":"standard","meta":{"_bbp_topic_count":0,"_bbp_reply_count":0,"_bbp_total_topic_count":0,"_bbp_total_reply_count":0,"_bbp_voice_count":0,"_bbp_anonymous_reply_count":0,"_bbp_topic_count_hidden":0,"_bbp_reply_count_hidden":0,"_bbp_forum_subforum_count":0,"footnotes":""},"categories":[92,90,91,76,108,1,81,97,4],"tags":[518],"class_list":["post-10975","post","type-post","status-publish","format-standard","hentry","category-activitats-al-centre","category-ed-infantil","category-ed-primaria","category-festes","category-festes-i-tradicions-populars","category-general","category-musica","category-noticies","category-portada","tag-escolamisericordiadereus-escolapublica-nadal-tradicionscatalanes-monmisericordia"],"post_mailing_queue_ids":[],"_links":{"self":[{"href":"https:\/\/agora.xtec.cat\/ceipmisericordia-reus\/wp-json\/wp\/v2\/posts\/10975","targetHints":{"allow":["GET"]}}],"collection":[{"href":"https:\/\/agora.xtec.cat\/ceipmisericordia-reus\/wp-json\/wp\/v2\/posts"}],"about":[{"href":"https:\/\/agora.xtec.cat\/ceipmisericordia-reus\/wp-json\/wp\/v2\/types\/post"}],"author":[{"embeddable":true,"href":"https:\/\/agora.xtec.cat\/ceipmisericordia-reus\/wp-json\/wp\/v2\/users\/4"}],"replies":[{"embeddable":true,"href":"https:\/\/agora.xtec.cat\/ceipmisericordia-reus\/wp-json\/wp\/v2\/comments?post=10975"}],"version-history":[{"count":1,"href":"https:\/\/agora.xtec.cat\/ceipmisericordia-reus\/wp-json\/wp\/v2\/posts\/10975\/revisions"}],"predecessor-version":[{"id":10977,"href":"https:\/\/agora.xtec.cat\/ceipmisericordia-reus\/wp-json\/wp\/v2\/posts\/10975\/revisions\/10977"}],"wp:attachment":[{"href":"https:\/\/agora.xtec.cat\/ceipmisericordia-reus\/wp-json\/wp\/v2\/media?parent=10975"}],"wp:term":[{"taxonomy":"category","embeddable":true,"href":"https:\/\/agora.xtec.cat\/ceipmisericordia-reus\/wp-json\/wp\/v2\/categories?post=10975"},{"taxonomy":"post_tag","embeddable":true,"href":"https:\/\/agora.xtec.cat\/ceipmisericordia-reus\/wp-json\/wp\/v2\/tags?post=10975"}],"curies":[{"name":"wp","href":"https:\/\/api.w.org\/{rel}","templated":true}]}}