{"id":10945,"date":"2024-12-17T15:44:21","date_gmt":"2024-12-17T14:44:21","guid":{"rendered":"https:\/\/agora.xtec.cat\/ceipmisericordia-reus\/?p=10945"},"modified":"2024-12-17T15:44:21","modified_gmt":"2024-12-17T14:44:21","slug":"i-jornada-esportiva","status":"publish","type":"post","link":"https:\/\/agora.xtec.cat\/ceipmisericordia-reus\/portada\/i-jornada-esportiva\/","title":{"rendered":"I JORNADA ESPORTIVA"},"content":{"rendered":"<p>El dilluns 16 de desembre (EI, CI i CM) i el dimarts 17 de desembre (CS) vam realitzar la I jornada esportiva, a la nostra escola, realitzant l\u2019esport del floorball. Ens ho vam passar d\u2019all\u00f2 m\u00e9s b\u00e9!!<br \/>\n<a href=\"https:\/\/agora.xtec.cat\/ceipmisericordia-reus\/wp-content\/uploads\/usu2066\/2024\/12\/20241217_090054-1-scaled.jpg\"><img loading=\"lazy\" decoding=\"async\" class=\"alignleft size-large wp-image-10946\" src=\"https:\/\/agora.xtec.cat\/ceipmisericordia-reus\/wp-content\/uploads\/usu2066\/2024\/12\/20241217_090054-1-1024x462.jpg\" alt=\"\" width=\"1024\" height=\"462\" srcset=\"https:\/\/agora.xtec.cat\/ceipmisericordia-reus\/wp-content\/uploads\/usu2066\/2024\/12\/20241217_090054-1-1024x462.jpg 1024w, https:\/\/agora.xtec.cat\/ceipmisericordia-reus\/wp-content\/uploads\/usu2066\/2024\/12\/20241217_090054-1-300x135.jpg 300w, https:\/\/agora.xtec.cat\/ceipmisericordia-reus\/wp-content\/uploads\/usu2066\/2024\/12\/20241217_090054-1-768x346.jpg 768w, https:\/\/agora.xtec.cat\/ceipmisericordia-reus\/wp-content\/uploads\/usu2066\/2024\/12\/20241217_090054-1-1536x692.jpg 1536w, https:\/\/agora.xtec.cat\/ceipmisericordia-reus\/wp-content\/uploads\/usu2066\/2024\/12\/20241217_090054-1-2048x923.jpg 2048w\" sizes=\"auto, (max-width: 1024px) 100vw, 1024px\" \/><\/a><\/p>\n","protected":false},"excerpt":{"rendered":"<p>El dilluns 16 de desembre (EI, CI i CM) i el dimarts 17 de desembre (CS) vam realitzar la I jornada esportiva, a la nostra escola, realitzant l\u2019esport del floorball. Ens ho vam passar d\u2019all\u00f2 m\u00e9s b\u00e9!!<br \/>\n<a href=\"https:\/\/agora.xtec.cat\/ceipmisericordia-reus\/wp-content\/uploads\/usu2066\/2024\/12\/20241217_090054-1-scaled.jpg\"><\/a><\/p>\n","protected":false},"author":4,"featured_media":0,"comment_status":"open","ping_status":"closed","sticky":false,"template":"","format":"standard","meta":{"_bbp_topic_count":0,"_bbp_reply_count":0,"_bbp_total_topic_count":0,"_bbp_total_reply_count":0,"_bbp_voice_count":0,"_bbp_anonymous_reply_count":0,"_bbp_topic_count_hidden":0,"_bbp_reply_count_hidden":0,"_bbp_forum_subforum_count":0,"footnotes":""},"categories":[91,82,4],"tags":[125,218,236],"class_list":["post-10945","post","type-post","status-publish","format-standard","hentry","category-ed-primaria","category-ed-fisica","category-portada","tag-escolamisericordiadereus","tag-escolapublica","tag-monmisericordia"],"post_mailing_queue_ids":[],"_links":{"self":[{"href":"https:\/\/agora.xtec.cat\/ceipmisericordia-reus\/wp-json\/wp\/v2\/posts\/10945","targetHints":{"allow":["GET"]}}],"collection":[{"href":"https:\/\/agora.xtec.cat\/ceipmisericordia-reus\/wp-json\/wp\/v2\/posts"}],"about":[{"href":"https:\/\/agora.xtec.cat\/ceipmisericordia-reus\/wp-json\/wp\/v2\/types\/post"}],"author":[{"embeddable":true,"href":"https:\/\/agora.xtec.cat\/ceipmisericordia-reus\/wp-json\/wp\/v2\/users\/4"}],"replies":[{"embeddable":true,"href":"https:\/\/agora.xtec.cat\/ceipmisericordia-reus\/wp-json\/wp\/v2\/comments?post=10945"}],"version-history":[{"count":1,"href":"https:\/\/agora.xtec.cat\/ceipmisericordia-reus\/wp-json\/wp\/v2\/posts\/10945\/revisions"}],"predecessor-version":[{"id":10947,"href":"https:\/\/agora.xtec.cat\/ceipmisericordia-reus\/wp-json\/wp\/v2\/posts\/10945\/revisions\/10947"}],"wp:attachment":[{"href":"https:\/\/agora.xtec.cat\/ceipmisericordia-reus\/wp-json\/wp\/v2\/media?parent=10945"}],"wp:term":[{"taxonomy":"category","embeddable":true,"href":"https:\/\/agora.xtec.cat\/ceipmisericordia-reus\/wp-json\/wp\/v2\/categories?post=10945"},{"taxonomy":"post_tag","embeddable":true,"href":"https:\/\/agora.xtec.cat\/ceipmisericordia-reus\/wp-json\/wp\/v2\/tags?post=10945"}],"curies":[{"name":"wp","href":"https:\/\/api.w.org\/{rel}","templated":true}]}}