{"id":10819,"date":"2024-11-26T16:09:26","date_gmt":"2024-11-26T15:09:26","guid":{"rendered":"https:\/\/agora.xtec.cat\/ceipmisericordia-reus\/?p=10819"},"modified":"2024-11-26T16:09:26","modified_gmt":"2024-11-26T15:09:26","slug":"enviem-una-carta","status":"publish","type":"post","link":"https:\/\/agora.xtec.cat\/ceipmisericordia-reus\/portada\/enviem-una-carta\/","title":{"rendered":"ENVIEM UNA CARTA"},"content":{"rendered":"<p><a href=\"https:\/\/agora.xtec.cat\/ceipmisericordia-reus\/wp-content\/uploads\/usu2066\/2024\/11\/IMG_7960_11zon-scaled.jpg\"><img loading=\"lazy\" decoding=\"async\" class=\"alignleft size-large wp-image-10820\" src=\"https:\/\/agora.xtec.cat\/ceipmisericordia-reus\/wp-content\/uploads\/usu2066\/2024\/11\/IMG_7960_11zon-768x1024.jpg\" alt=\"\" width=\"768\" height=\"1024\" srcset=\"https:\/\/agora.xtec.cat\/ceipmisericordia-reus\/wp-content\/uploads\/usu2066\/2024\/11\/IMG_7960_11zon-768x1024.jpg 768w, https:\/\/agora.xtec.cat\/ceipmisericordia-reus\/wp-content\/uploads\/usu2066\/2024\/11\/IMG_7960_11zon-225x300.jpg 225w, https:\/\/agora.xtec.cat\/ceipmisericordia-reus\/wp-content\/uploads\/usu2066\/2024\/11\/IMG_7960_11zon-1152x1536.jpg 1152w, https:\/\/agora.xtec.cat\/ceipmisericordia-reus\/wp-content\/uploads\/usu2066\/2024\/11\/IMG_7960_11zon-1536x2048.jpg 1536w, https:\/\/agora.xtec.cat\/ceipmisericordia-reus\/wp-content\/uploads\/usu2066\/2024\/11\/IMG_7960_11zon-scaled.jpg 1920w\" sizes=\"auto, (max-width: 768px) 100vw, 768px\" \/><\/a>A la classe de la N\u00faria Picas li hem escrit una carta a la N\u00faria per fer-li arribar, explicant-li el que m\u00e9s ens ha agradat saber d\u2019ella i preguntant-li dubtes que tenim.<\/p>\n","protected":false},"excerpt":{"rendered":"<p><a href=\"https:\/\/agora.xtec.cat\/ceipmisericordia-reus\/wp-content\/uploads\/usu2066\/2024\/11\/IMG_7960_11zon-scaled.jpg\"><\/a>A la classe de la N\u00faria Picas li hem escrit una carta a la N\u00faria per fer-li arribar, explicant-li el que m\u00e9s ens ha agradat saber d\u2019ella i preguntant-li dubtes que tenim.<\/p>\n","protected":false},"author":4,"featured_media":0,"comment_status":"open","ping_status":"closed","sticky":false,"template":"","format":"standard","meta":{"_bbp_topic_count":0,"_bbp_reply_count":0,"_bbp_total_topic_count":0,"_bbp_total_reply_count":0,"_bbp_voice_count":0,"_bbp_anonymous_reply_count":0,"_bbp_topic_count_hidden":0,"_bbp_reply_count_hidden":0,"_bbp_forum_subforum_count":0,"footnotes":""},"categories":[4],"tags":[125,218,236],"class_list":["post-10819","post","type-post","status-publish","format-standard","hentry","category-portada","tag-escolamisericordiadereus","tag-escolapublica","tag-monmisericordia"],"post_mailing_queue_ids":[],"_links":{"self":[{"href":"https:\/\/agora.xtec.cat\/ceipmisericordia-reus\/wp-json\/wp\/v2\/posts\/10819","targetHints":{"allow":["GET"]}}],"collection":[{"href":"https:\/\/agora.xtec.cat\/ceipmisericordia-reus\/wp-json\/wp\/v2\/posts"}],"about":[{"href":"https:\/\/agora.xtec.cat\/ceipmisericordia-reus\/wp-json\/wp\/v2\/types\/post"}],"author":[{"embeddable":true,"href":"https:\/\/agora.xtec.cat\/ceipmisericordia-reus\/wp-json\/wp\/v2\/users\/4"}],"replies":[{"embeddable":true,"href":"https:\/\/agora.xtec.cat\/ceipmisericordia-reus\/wp-json\/wp\/v2\/comments?post=10819"}],"version-history":[{"count":1,"href":"https:\/\/agora.xtec.cat\/ceipmisericordia-reus\/wp-json\/wp\/v2\/posts\/10819\/revisions"}],"predecessor-version":[{"id":10821,"href":"https:\/\/agora.xtec.cat\/ceipmisericordia-reus\/wp-json\/wp\/v2\/posts\/10819\/revisions\/10821"}],"wp:attachment":[{"href":"https:\/\/agora.xtec.cat\/ceipmisericordia-reus\/wp-json\/wp\/v2\/media?parent=10819"}],"wp:term":[{"taxonomy":"category","embeddable":true,"href":"https:\/\/agora.xtec.cat\/ceipmisericordia-reus\/wp-json\/wp\/v2\/categories?post=10819"},{"taxonomy":"post_tag","embeddable":true,"href":"https:\/\/agora.xtec.cat\/ceipmisericordia-reus\/wp-json\/wp\/v2\/tags?post=10819"}],"curies":[{"name":"wp","href":"https:\/\/api.w.org\/{rel}","templated":true}]}}