{"id":10532,"date":"2024-06-10T13:12:16","date_gmt":"2024-06-10T11:12:16","guid":{"rendered":"https:\/\/agora.xtec.cat\/ceipmisericordia-reus\/?p=10532"},"modified":"2024-06-10T13:13:27","modified_gmt":"2024-06-10T11:13:27","slug":"actuax25","status":"publish","type":"post","link":"https:\/\/agora.xtec.cat\/ceipmisericordia-reus\/general\/actuax25\/","title":{"rendered":"ACTUAX25"},"content":{"rendered":"<p><span style=\"font-weight: 400;\"><a href=\"https:\/\/agora.xtec.cat\/ceipmisericordia-reus\/wp-content\/uploads\/usu2066\/2024\/06\/1718016879491.jpg\"><img loading=\"lazy\" decoding=\"async\" class=\"alignleft size-large wp-image-10534\" src=\"https:\/\/agora.xtec.cat\/ceipmisericordia-reus\/wp-content\/uploads\/usu2066\/2024\/06\/1718016879491-987x1024.jpg\" alt=\"\" width=\"987\" height=\"1024\" srcset=\"https:\/\/agora.xtec.cat\/ceipmisericordia-reus\/wp-content\/uploads\/usu2066\/2024\/06\/1718016879491-987x1024.jpg 987w, https:\/\/agora.xtec.cat\/ceipmisericordia-reus\/wp-content\/uploads\/usu2066\/2024\/06\/1718016879491-289x300.jpg 289w, https:\/\/agora.xtec.cat\/ceipmisericordia-reus\/wp-content\/uploads\/usu2066\/2024\/06\/1718016879491-768x797.jpg 768w, https:\/\/agora.xtec.cat\/ceipmisericordia-reus\/wp-content\/uploads\/usu2066\/2024\/06\/1718016879491-1480x1536.jpg 1480w, https:\/\/agora.xtec.cat\/ceipmisericordia-reus\/wp-content\/uploads\/usu2066\/2024\/06\/1718016879491.jpg 1535w\" sizes=\"auto, (max-width: 987px) 100vw, 987px\" \/><\/a>Des de la Comissi\u00f3 Escola Verda, volem compartir amb vosaltres totes aquelles actuacions que hem dut a terme a l\u2019escola, seguint el programa ACTUAX25, com a celebraci\u00f3 dels 25 anys de la Xarxa d\u2019Escoles Verdes.\u00a0<\/span><\/p>\n<p><span style=\"font-weight: 400;\">01: Mirar el v\u00eddeo ACTUAX25 i compartir-lo a les Xarxes Socials.<\/span><\/p>\n<p><span style=\"font-weight: 400;\">02: Planificaci\u00f3 de l\u2019ACTUAX25 tenint en compte els 3 trimestres.\u00a0<\/span><\/p>\n<p><span style=\"font-weight: 400;\">03: Mostrar les accions d\u2019EV a les Xarxes Socials.\u00a0<\/span><\/p>\n<p><span style=\"font-weight: 400;\">05, 06 i 10: Treball a l\u2019aula la Salut Planet\u00e0ria.\u00a0<\/span><\/p>\n<p><span style=\"font-weight: 400;\">09: Participar a la trobada Acci\u00f3 Pel Clima.\u00a0<\/span><\/p>\n<p><span style=\"font-weight: 400;\">14: Contestar el Quiz EV.\u00a0<\/span><\/p>\n<p><span style=\"font-weight: 400;\">15: Reflexionar i compartir diferents compromisos de transformaci\u00f3 a favor de la Salut Planet\u00e0ria a trav\u00e9s dels diferents Comit\u00e8 Ambientals.\u00a0<\/span><\/p>\n<p><span style=\"font-weight: 400;\">24: Compartir com hem participat a l\u2019ACTUAX25.<\/span><\/p>\n<p>&nbsp;<\/p>\n","protected":false},"excerpt":{"rendered":"<p><a href=\"https:\/\/agora.xtec.cat\/ceipmisericordia-reus\/wp-content\/uploads\/usu2066\/2024\/06\/1718016879491.jpg\"><\/a>Des de la Comissi\u00f3 Escola Verda, volem compartir amb vosaltres totes aquelles actuacions que hem dut a terme a l\u2019escola, seguint el programa ACTUAX25, com a celebraci\u00f3 dels 25 anys de la Xarxa d\u2019Escoles Verdes.\u00a0<br \/>\n01: Mirar el v\u00eddeo ACTUAX25 i compartir-lo a les Xarxes&hellip;  <a href=\"https:\/\/agora.xtec.cat\/ceipmisericordia-reus\/general\/actuax25\/\" title=\"Read ACTUAX25\">Llegeix m\u00e9s\u00bb<\/a><\/p>\n","protected":false},"author":4,"featured_media":0,"comment_status":"open","ping_status":"closed","sticky":false,"template":"","format":"standard","meta":{"_bbp_topic_count":0,"_bbp_reply_count":0,"_bbp_total_topic_count":0,"_bbp_total_reply_count":0,"_bbp_voice_count":0,"_bbp_anonymous_reply_count":0,"_bbp_topic_count_hidden":0,"_bbp_reply_count_hidden":0,"_bbp_forum_subforum_count":0,"footnotes":""},"categories":[62,190,1,4,5],"tags":[423],"class_list":["post-10532","post","type-post","status-publish","format-standard","hentry","category-escola-verda","category-escola-verda-escola-verda","category-general","category-portada","category-primaria","tag-escolamisericordiadereus-escolapublica-monmisericordia"],"post_mailing_queue_ids":[],"_links":{"self":[{"href":"https:\/\/agora.xtec.cat\/ceipmisericordia-reus\/wp-json\/wp\/v2\/posts\/10532","targetHints":{"allow":["GET"]}}],"collection":[{"href":"https:\/\/agora.xtec.cat\/ceipmisericordia-reus\/wp-json\/wp\/v2\/posts"}],"about":[{"href":"https:\/\/agora.xtec.cat\/ceipmisericordia-reus\/wp-json\/wp\/v2\/types\/post"}],"author":[{"embeddable":true,"href":"https:\/\/agora.xtec.cat\/ceipmisericordia-reus\/wp-json\/wp\/v2\/users\/4"}],"replies":[{"embeddable":true,"href":"https:\/\/agora.xtec.cat\/ceipmisericordia-reus\/wp-json\/wp\/v2\/comments?post=10532"}],"version-history":[{"count":2,"href":"https:\/\/agora.xtec.cat\/ceipmisericordia-reus\/wp-json\/wp\/v2\/posts\/10532\/revisions"}],"predecessor-version":[{"id":10535,"href":"https:\/\/agora.xtec.cat\/ceipmisericordia-reus\/wp-json\/wp\/v2\/posts\/10532\/revisions\/10535"}],"wp:attachment":[{"href":"https:\/\/agora.xtec.cat\/ceipmisericordia-reus\/wp-json\/wp\/v2\/media?parent=10532"}],"wp:term":[{"taxonomy":"category","embeddable":true,"href":"https:\/\/agora.xtec.cat\/ceipmisericordia-reus\/wp-json\/wp\/v2\/categories?post=10532"},{"taxonomy":"post_tag","embeddable":true,"href":"https:\/\/agora.xtec.cat\/ceipmisericordia-reus\/wp-json\/wp\/v2\/tags?post=10532"}],"curies":[{"name":"wp","href":"https:\/\/api.w.org\/{rel}","templated":true}]}}