{"id":10475,"date":"2024-05-24T12:56:02","date_gmt":"2024-05-24T10:56:02","guid":{"rendered":"https:\/\/agora.xtec.cat\/ceipmisericordia-reus\/?p=10475"},"modified":"2024-05-24T12:56:02","modified_gmt":"2024-05-24T10:56:02","slug":"comite-ambiental-7","status":"publish","type":"post","link":"https:\/\/agora.xtec.cat\/ceipmisericordia-reus\/general\/comite-ambiental-7\/","title":{"rendered":"COMIT\u00c8 AMBIENTAL"},"content":{"rendered":"<p>Hem celebrat el 3r Comit\u00e8 Ambiental!<br \/>\nEls delegats ambientals ens han presentat uns treballs molt interessants relacionats amb diferents ODS.<br \/>\nA Infantil ens han ensenyat quins aliments s\u00f3n saludables, d\u2019aquells que no ho s\u00f3n.<br \/>\nA 1r, han seguit el creixement d\u2019una carabassera.<br \/>\nA 2n, ens han presentat els seus somnis de com seria un m\u00f3n sense contaminaci\u00f3.<br \/>\nA 3r, ens han donat consells per frenar el canvi clim\u00e0tic.<br \/>\nA 4t, han fet una recerca sobre el comer\u00e7 de residu zero de Reus.<br \/>\nA 5\u00e8, ens han ensenyat com ha estat un dia a l\u2019hort de l\u2019escola i tot all\u00f2 que han apr\u00e8s.<br \/>\nA 6\u00e8, han fet una recerca sobre la contaminaci\u00f3 a la platja, donant-nos una s\u00e8rie de consells.<br \/>\nGr\u00e0cies a tots! Ens heu donat grans consells per cuidar el Medi Ambient!<br \/>\n<a href=\"https:\/\/agora.xtec.cat\/ceipmisericordia-reus\/wp-content\/uploads\/usu2066\/2024\/05\/1716544729828-3-scaled.jpg\"><img loading=\"lazy\" decoding=\"async\" class=\"alignleft size-large wp-image-10476\" src=\"https:\/\/agora.xtec.cat\/ceipmisericordia-reus\/wp-content\/uploads\/usu2066\/2024\/05\/1716544729828-3-1024x578.jpg\" alt=\"\" width=\"1024\" height=\"578\" srcset=\"https:\/\/agora.xtec.cat\/ceipmisericordia-reus\/wp-content\/uploads\/usu2066\/2024\/05\/1716544729828-3-1024x578.jpg 1024w, https:\/\/agora.xtec.cat\/ceipmisericordia-reus\/wp-content\/uploads\/usu2066\/2024\/05\/1716544729828-3-300x169.jpg 300w, https:\/\/agora.xtec.cat\/ceipmisericordia-reus\/wp-content\/uploads\/usu2066\/2024\/05\/1716544729828-3-768x433.jpg 768w, https:\/\/agora.xtec.cat\/ceipmisericordia-reus\/wp-content\/uploads\/usu2066\/2024\/05\/1716544729828-3-1536x866.jpg 1536w, https:\/\/agora.xtec.cat\/ceipmisericordia-reus\/wp-content\/uploads\/usu2066\/2024\/05\/1716544729828-3-2048x1155.jpg 2048w\" sizes=\"auto, (max-width: 1024px) 100vw, 1024px\" \/><\/a><\/p>\n","protected":false},"excerpt":{"rendered":"<p>Hem celebrat el 3r Comit\u00e8 Ambiental!<br \/>\nEls delegats ambientals ens han presentat uns treballs molt interessants relacionats amb diferents ODS.<br \/>\nA Infantil ens han ensenyat quins aliments s\u00f3n saludables, d\u2019aquells que no ho s\u00f3n.<br \/>\nA 1r, han seguit el creixement d\u2019una carabassera.<br \/>\nA 2n, ens han presentat els seus&hellip;  <a href=\"https:\/\/agora.xtec.cat\/ceipmisericordia-reus\/general\/comite-ambiental-7\/\" title=\"Read COMIT\u00c8 AMBIENTAL\">Llegeix m\u00e9s\u00bb<\/a><\/p>\n","protected":false},"author":4,"featured_media":0,"comment_status":"open","ping_status":"closed","sticky":false,"template":"","format":"standard","meta":{"_bbp_topic_count":0,"_bbp_reply_count":0,"_bbp_total_topic_count":0,"_bbp_total_reply_count":0,"_bbp_voice_count":0,"_bbp_anonymous_reply_count":0,"_bbp_topic_count_hidden":0,"_bbp_reply_count_hidden":0,"_bbp_forum_subforum_count":0,"footnotes":""},"categories":[92,74,79,80,70,90,91,1,2,97,3,8,9,4],"tags":[471],"class_list":["post-10475","post","type-post","status-publish","format-standard","hentry","category-activitats-al-centre","category-cicle-inicial","category-cicle-mitja","category-cicle-superior","category-comite-ambiental","category-ed-infantil","category-ed-primaria","category-general","category-infantil","category-noticies","category-p3","category-p4","category-p5","category-portada","tag-escolamisericordiadereus-comiteambiental-escolesverdes-canviclimatic-delegatsambientals-escolapublica-monmisericordia"],"post_mailing_queue_ids":[],"_links":{"self":[{"href":"https:\/\/agora.xtec.cat\/ceipmisericordia-reus\/wp-json\/wp\/v2\/posts\/10475","targetHints":{"allow":["GET"]}}],"collection":[{"href":"https:\/\/agora.xtec.cat\/ceipmisericordia-reus\/wp-json\/wp\/v2\/posts"}],"about":[{"href":"https:\/\/agora.xtec.cat\/ceipmisericordia-reus\/wp-json\/wp\/v2\/types\/post"}],"author":[{"embeddable":true,"href":"https:\/\/agora.xtec.cat\/ceipmisericordia-reus\/wp-json\/wp\/v2\/users\/4"}],"replies":[{"embeddable":true,"href":"https:\/\/agora.xtec.cat\/ceipmisericordia-reus\/wp-json\/wp\/v2\/comments?post=10475"}],"version-history":[{"count":1,"href":"https:\/\/agora.xtec.cat\/ceipmisericordia-reus\/wp-json\/wp\/v2\/posts\/10475\/revisions"}],"predecessor-version":[{"id":10477,"href":"https:\/\/agora.xtec.cat\/ceipmisericordia-reus\/wp-json\/wp\/v2\/posts\/10475\/revisions\/10477"}],"wp:attachment":[{"href":"https:\/\/agora.xtec.cat\/ceipmisericordia-reus\/wp-json\/wp\/v2\/media?parent=10475"}],"wp:term":[{"taxonomy":"category","embeddable":true,"href":"https:\/\/agora.xtec.cat\/ceipmisericordia-reus\/wp-json\/wp\/v2\/categories?post=10475"},{"taxonomy":"post_tag","embeddable":true,"href":"https:\/\/agora.xtec.cat\/ceipmisericordia-reus\/wp-json\/wp\/v2\/tags?post=10475"}],"curies":[{"name":"wp","href":"https:\/\/api.w.org\/{rel}","templated":true}]}}