{"id":10327,"date":"2024-05-06T18:52:27","date_gmt":"2024-05-06T16:52:27","guid":{"rendered":"https:\/\/agora.xtec.cat\/ceipmisericordia-reus\/?p=10327"},"modified":"2024-05-06T19:58:06","modified_gmt":"2024-05-06T17:58:06","slug":"la-classe-de-6e-visita-linstitut-gaudi","status":"publish","type":"post","link":"https:\/\/agora.xtec.cat\/ceipmisericordia-reus\/general\/la-classe-de-6e-visita-linstitut-gaudi\/","title":{"rendered":"LA CLASSE DE 6\u00e8 VISITA L&#8217;INSTITUT GAUD\u00cd"},"content":{"rendered":"<p><span style=\"font-weight: 400;\">Aquest dilluns 6 de maig, els Cavallets de Mar de la classe de 6\u00e8 hem visitat l\u2019institut Gaud\u00ed per tal de participar en el IX Congr\u00e9s Aprenem Junts i exposar davant altres escoles el nostre projecte d\u2019hist\u00f2ria. <\/span><span style=\"font-weight: 400;\">Ha estat una experi\u00e8ncia nova per nosaltres i, tot i que est\u00e0vem molt nerviosos i nervioses, hem superat el dia amb \u00e8xit!<\/span><\/p>\n<p><a href=\"https:\/\/agora.xtec.cat\/ceipmisericordia-reus\/wp-content\/uploads\/usu2066\/2024\/05\/7-1-2.jpg\"><img loading=\"lazy\" decoding=\"async\" class=\"alignleft size-large wp-image-10328\" src=\"https:\/\/agora.xtec.cat\/ceipmisericordia-reus\/wp-content\/uploads\/usu2066\/2024\/05\/7-1-2-1024x576.jpg\" alt=\"\" width=\"1024\" height=\"576\" srcset=\"https:\/\/agora.xtec.cat\/ceipmisericordia-reus\/wp-content\/uploads\/usu2066\/2024\/05\/7-1-2-1024x576.jpg 1024w, https:\/\/agora.xtec.cat\/ceipmisericordia-reus\/wp-content\/uploads\/usu2066\/2024\/05\/7-1-2-300x169.jpg 300w, https:\/\/agora.xtec.cat\/ceipmisericordia-reus\/wp-content\/uploads\/usu2066\/2024\/05\/7-1-2-768x432.jpg 768w, https:\/\/agora.xtec.cat\/ceipmisericordia-reus\/wp-content\/uploads\/usu2066\/2024\/05\/7-1-2-1536x864.jpg 1536w, https:\/\/agora.xtec.cat\/ceipmisericordia-reus\/wp-content\/uploads\/usu2066\/2024\/05\/7-1-2.jpg 1600w\" sizes=\"auto, (max-width: 1024px) 100vw, 1024px\" \/><\/a><\/p>\n<p>&nbsp;<\/p>\n<p>&nbsp;<\/p>\n","protected":false},"excerpt":{"rendered":"<p>Aquest dilluns 6 de maig, els Cavallets de Mar de la classe de 6\u00e8 hem visitat l\u2019institut Gaud\u00ed per tal de participar en el IX Congr\u00e9s Aprenem Junts i exposar davant altres escoles el nostre projecte d\u2019hist\u00f2ria. Ha estat una experi\u00e8ncia nova per nosaltres i,&hellip;  <a href=\"https:\/\/agora.xtec.cat\/ceipmisericordia-reus\/general\/la-classe-de-6e-visita-linstitut-gaudi\/\" title=\"Read LA CLASSE DE 6\u00e8 VISITA L&#8217;INSTITUT GAUD\u00cd\">Llegeix m\u00e9s\u00bb<\/a><\/p>\n","protected":false},"author":4,"featured_media":0,"comment_status":"open","ping_status":"closed","sticky":false,"template":"","format":"standard","meta":{"_bbp_topic_count":0,"_bbp_reply_count":0,"_bbp_total_topic_count":0,"_bbp_total_reply_count":0,"_bbp_voice_count":0,"_bbp_anonymous_reply_count":0,"_bbp_topic_count_hidden":0,"_bbp_reply_count_hidden":0,"_bbp_forum_subforum_count":0,"footnotes":""},"categories":[15,80,91,1,4,5],"tags":[456],"class_list":["post-10327","post","type-post","status-publish","format-standard","hentry","category-6e","category-cicle-superior","category-ed-primaria","category-general","category-portada","category-primaria","tag-escolamisericordiadereus-escolapublica-monmisericordia-aprenemjunts"],"post_mailing_queue_ids":[],"_links":{"self":[{"href":"https:\/\/agora.xtec.cat\/ceipmisericordia-reus\/wp-json\/wp\/v2\/posts\/10327","targetHints":{"allow":["GET"]}}],"collection":[{"href":"https:\/\/agora.xtec.cat\/ceipmisericordia-reus\/wp-json\/wp\/v2\/posts"}],"about":[{"href":"https:\/\/agora.xtec.cat\/ceipmisericordia-reus\/wp-json\/wp\/v2\/types\/post"}],"author":[{"embeddable":true,"href":"https:\/\/agora.xtec.cat\/ceipmisericordia-reus\/wp-json\/wp\/v2\/users\/4"}],"replies":[{"embeddable":true,"href":"https:\/\/agora.xtec.cat\/ceipmisericordia-reus\/wp-json\/wp\/v2\/comments?post=10327"}],"version-history":[{"count":2,"href":"https:\/\/agora.xtec.cat\/ceipmisericordia-reus\/wp-json\/wp\/v2\/posts\/10327\/revisions"}],"predecessor-version":[{"id":10334,"href":"https:\/\/agora.xtec.cat\/ceipmisericordia-reus\/wp-json\/wp\/v2\/posts\/10327\/revisions\/10334"}],"wp:attachment":[{"href":"https:\/\/agora.xtec.cat\/ceipmisericordia-reus\/wp-json\/wp\/v2\/media?parent=10327"}],"wp:term":[{"taxonomy":"category","embeddable":true,"href":"https:\/\/agora.xtec.cat\/ceipmisericordia-reus\/wp-json\/wp\/v2\/categories?post=10327"},{"taxonomy":"post_tag","embeddable":true,"href":"https:\/\/agora.xtec.cat\/ceipmisericordia-reus\/wp-json\/wp\/v2\/tags?post=10327"}],"curies":[{"name":"wp","href":"https:\/\/api.w.org\/{rel}","templated":true}]}}