{"id":10253,"date":"2024-04-12T12:58:28","date_gmt":"2024-04-12T10:58:28","guid":{"rendered":"https:\/\/agora.xtec.cat\/ceipmisericordia-reus\/?p=10253"},"modified":"2024-04-12T15:45:08","modified_gmt":"2024-04-12T13:45:08","slug":"els-cavallets-de-mar-van-a-lhort-6e-cs","status":"publish","type":"post","link":"https:\/\/agora.xtec.cat\/ceipmisericordia-reus\/portada\/els-cavallets-de-mar-van-a-lhort-6e-cs\/","title":{"rendered":"ELS CAVALLETS DE MAR VAN A L&#8217;HORT! &#8211; 6\u00e8 CS"},"content":{"rendered":"<div dir=\"auto\"><a href=\"https:\/\/agora.xtec.cat\/ceipmisericordia-reus\/wp-content\/uploads\/usu2066\/2024\/04\/IMG-20240411-WA0005.jpg\"><img loading=\"lazy\" decoding=\"async\" class=\"alignleft size-large wp-image-10254\" src=\"https:\/\/agora.xtec.cat\/ceipmisericordia-reus\/wp-content\/uploads\/usu2066\/2024\/04\/IMG-20240411-WA0005-768x1024.jpg\" alt=\"\" width=\"768\" height=\"1024\" srcset=\"https:\/\/agora.xtec.cat\/ceipmisericordia-reus\/wp-content\/uploads\/usu2066\/2024\/04\/IMG-20240411-WA0005-768x1024.jpg 768w, https:\/\/agora.xtec.cat\/ceipmisericordia-reus\/wp-content\/uploads\/usu2066\/2024\/04\/IMG-20240411-WA0005-225x300.jpg 225w, https:\/\/agora.xtec.cat\/ceipmisericordia-reus\/wp-content\/uploads\/usu2066\/2024\/04\/IMG-20240411-WA0005-1152x1536.jpg 1152w, https:\/\/agora.xtec.cat\/ceipmisericordia-reus\/wp-content\/uploads\/usu2066\/2024\/04\/IMG-20240411-WA0005.jpg 1536w\" sizes=\"auto, (max-width: 768px) 100vw, 768px\" \/><\/a><\/div>\n<div dir=\"auto\">El passat divendres, a la tarda, la classe dels Cavallets de Mar (6\u00e8) vam visitar l\u2019hort de l\u2019escola per tal de treballar, regar i cuidar les nostres plantes.<\/div>\n<div dir=\"auto\">A m\u00e9s a m\u00e9s, sabeu qu\u00e8? Ens vam portar cap a casa petits enciams!<\/div>\n<div dir=\"auto\"><a class=\"x1i10hfl xjbqb8w x1ejq31n xd10rxx x1sy0etr x17r0tee x972fbf xcfux6l x1qhh985 xm0m39n x9f619 x1ypdohk xt0psk2 xe8uvvx xdj266r x11i5rnm xat24cr x1mh8g0r xexx8yu x4uap5 x18d9i69 xkhd6sd x16tdsg8 x1hl2dhg xggy1nq x1a2a7pz xt0b8zv x1fey0fg xo1l8bm\" tabindex=\"0\" role=\"link\" href=\"https:\/\/www.facebook.com\/hashtag\/escolamisericordiadereus?__eep__=6&amp;__cft__[0]=AZWq_pLUGJ-onEZDEnM-xfA3BTEwxQQI_N5za4ff415zHIlMxp0nWxcIz8JzLqD4kuBGu3RH_6gjywI3Pq_nRN2pBOhhUw4MkJmoE0YHzv2tNw&amp;__tn__=*NK-R\">#escolamisericordiadereus<\/a> <a class=\"x1i10hfl xjbqb8w x1ejq31n xd10rxx x1sy0etr x17r0tee x972fbf xcfux6l x1qhh985 xm0m39n x9f619 x1ypdohk xt0psk2 xe8uvvx xdj266r x11i5rnm xat24cr x1mh8g0r xexx8yu x4uap5 x18d9i69 xkhd6sd x16tdsg8 x1hl2dhg xggy1nq x1a2a7pz xt0b8zv x1fey0fg xo1l8bm\" tabindex=\"0\" role=\"link\" href=\"https:\/\/www.facebook.com\/hashtag\/monmisericordia?__eep__=6&amp;__cft__[0]=AZWq_pLUGJ-onEZDEnM-xfA3BTEwxQQI_N5za4ff415zHIlMxp0nWxcIz8JzLqD4kuBGu3RH_6gjywI3Pq_nRN2pBOhhUw4MkJmoE0YHzv2tNw&amp;__tn__=*NK-R\">#monmisericordia<\/a><\/div>\n","protected":false},"excerpt":{"rendered":"<p><a href=\"https:\/\/agora.xtec.cat\/ceipmisericordia-reus\/wp-content\/uploads\/usu2066\/2024\/04\/IMG-20240411-WA0005.jpg\"><\/a><br \/>\nEl passat divendres, a la tarda, la classe dels Cavallets de Mar (6\u00e8) vam visitar l\u2019hort de l\u2019escola per tal de treballar, regar i cuidar les nostres plantes.<br \/>\nA m\u00e9s a m\u00e9s, sabeu qu\u00e8? Ens vam portar cap a casa petits enciams!<br \/>\n<a class=\"x1i10hfl xjbqb8w x1ejq31n&hellip;  <a href=\"https:\/\/agora.xtec.cat\/ceipmisericordia-reus\/portada\/els-cavallets-de-mar-van-a-lhort-6e-cs\/\" title=\"Read ELS CAVALLETS DE MAR VAN A L&#8217;HORT! &#8211; 6\u00e8 CS\">Llegeix m\u00e9s\u00bb<\/a><\/p>\n","protected":false},"author":4,"featured_media":0,"comment_status":"open","ping_status":"closed","sticky":false,"template":"","format":"standard","meta":{"_bbp_topic_count":0,"_bbp_reply_count":0,"_bbp_total_topic_count":0,"_bbp_total_reply_count":0,"_bbp_voice_count":0,"_bbp_anonymous_reply_count":0,"_bbp_topic_count_hidden":0,"_bbp_reply_count_hidden":0,"_bbp_forum_subforum_count":0,"footnotes":""},"categories":[15,4],"tags":[],"class_list":["post-10253","post","type-post","status-publish","format-standard","hentry","category-6e","category-portada"],"post_mailing_queue_ids":[],"_links":{"self":[{"href":"https:\/\/agora.xtec.cat\/ceipmisericordia-reus\/wp-json\/wp\/v2\/posts\/10253","targetHints":{"allow":["GET"]}}],"collection":[{"href":"https:\/\/agora.xtec.cat\/ceipmisericordia-reus\/wp-json\/wp\/v2\/posts"}],"about":[{"href":"https:\/\/agora.xtec.cat\/ceipmisericordia-reus\/wp-json\/wp\/v2\/types\/post"}],"author":[{"embeddable":true,"href":"https:\/\/agora.xtec.cat\/ceipmisericordia-reus\/wp-json\/wp\/v2\/users\/4"}],"replies":[{"embeddable":true,"href":"https:\/\/agora.xtec.cat\/ceipmisericordia-reus\/wp-json\/wp\/v2\/comments?post=10253"}],"version-history":[{"count":2,"href":"https:\/\/agora.xtec.cat\/ceipmisericordia-reus\/wp-json\/wp\/v2\/posts\/10253\/revisions"}],"predecessor-version":[{"id":10256,"href":"https:\/\/agora.xtec.cat\/ceipmisericordia-reus\/wp-json\/wp\/v2\/posts\/10253\/revisions\/10256"}],"wp:attachment":[{"href":"https:\/\/agora.xtec.cat\/ceipmisericordia-reus\/wp-json\/wp\/v2\/media?parent=10253"}],"wp:term":[{"taxonomy":"category","embeddable":true,"href":"https:\/\/agora.xtec.cat\/ceipmisericordia-reus\/wp-json\/wp\/v2\/categories?post=10253"},{"taxonomy":"post_tag","embeddable":true,"href":"https:\/\/agora.xtec.cat\/ceipmisericordia-reus\/wp-json\/wp\/v2\/tags?post=10253"}],"curies":[{"name":"wp","href":"https:\/\/api.w.org\/{rel}","templated":true}]}}