{"id":10138,"date":"2024-03-13T15:44:31","date_gmt":"2024-03-13T14:44:31","guid":{"rendered":"https:\/\/agora.xtec.cat\/ceipmisericordia-reus\/?p=10138"},"modified":"2024-03-13T15:44:31","modified_gmt":"2024-03-13T14:44:31","slug":"a-lhivern-fa-fred","status":"publish","type":"post","link":"https:\/\/agora.xtec.cat\/ceipmisericordia-reus\/general\/a-lhivern-fa-fred\/","title":{"rendered":"A L&#8217;HIVERN FA FRED"},"content":{"rendered":"<p>Els nens i nenes d\u2019infantil, hem apr\u00e8s la can\u00e7\u00f3 \u201cA l\u2019hivern fa fred\u201d a l\u2019hora de m\u00fasica.<\/p>\n<p><iframe loading=\"lazy\" title=\"A l&#039;hivern fa fred\" width=\"500\" height=\"281\" src=\"https:\/\/www.youtube.com\/embed\/yXIOUUa0a-w?feature=oembed\" frameborder=\"0\" allow=\"accelerometer; autoplay; clipboard-write; encrypted-media; gyroscope; picture-in-picture; web-share\" referrerpolicy=\"strict-origin-when-cross-origin\" allowfullscreen><\/iframe><\/p>\n","protected":false},"excerpt":{"rendered":"<p>Els nens i nenes d\u2019infantil, hem apr\u00e8s la can\u00e7\u00f3 \u201cA l\u2019hivern fa fred\u201d a l\u2019hora de m\u00fasica.<\/p>\n","protected":false},"author":4,"featured_media":0,"comment_status":"open","ping_status":"closed","sticky":false,"template":"","format":"standard","meta":{"_bbp_topic_count":0,"_bbp_reply_count":0,"_bbp_total_topic_count":0,"_bbp_total_reply_count":0,"_bbp_voice_count":0,"_bbp_anonymous_reply_count":0,"_bbp_topic_count_hidden":0,"_bbp_reply_count_hidden":0,"_bbp_forum_subforum_count":0,"footnotes":""},"categories":[92,90,1,2,81,3,8,9,4],"tags":[423],"class_list":["post-10138","post","type-post","status-publish","format-standard","hentry","category-activitats-al-centre","category-ed-infantil","category-general","category-infantil","category-musica","category-p3","category-p4","category-p5","category-portada","tag-escolamisericordiadereus-escolapublica-monmisericordia"],"post_mailing_queue_ids":[],"_links":{"self":[{"href":"https:\/\/agora.xtec.cat\/ceipmisericordia-reus\/wp-json\/wp\/v2\/posts\/10138","targetHints":{"allow":["GET"]}}],"collection":[{"href":"https:\/\/agora.xtec.cat\/ceipmisericordia-reus\/wp-json\/wp\/v2\/posts"}],"about":[{"href":"https:\/\/agora.xtec.cat\/ceipmisericordia-reus\/wp-json\/wp\/v2\/types\/post"}],"author":[{"embeddable":true,"href":"https:\/\/agora.xtec.cat\/ceipmisericordia-reus\/wp-json\/wp\/v2\/users\/4"}],"replies":[{"embeddable":true,"href":"https:\/\/agora.xtec.cat\/ceipmisericordia-reus\/wp-json\/wp\/v2\/comments?post=10138"}],"version-history":[{"count":1,"href":"https:\/\/agora.xtec.cat\/ceipmisericordia-reus\/wp-json\/wp\/v2\/posts\/10138\/revisions"}],"predecessor-version":[{"id":10139,"href":"https:\/\/agora.xtec.cat\/ceipmisericordia-reus\/wp-json\/wp\/v2\/posts\/10138\/revisions\/10139"}],"wp:attachment":[{"href":"https:\/\/agora.xtec.cat\/ceipmisericordia-reus\/wp-json\/wp\/v2\/media?parent=10138"}],"wp:term":[{"taxonomy":"category","embeddable":true,"href":"https:\/\/agora.xtec.cat\/ceipmisericordia-reus\/wp-json\/wp\/v2\/categories?post=10138"},{"taxonomy":"post_tag","embeddable":true,"href":"https:\/\/agora.xtec.cat\/ceipmisericordia-reus\/wp-json\/wp\/v2\/tags?post=10138"}],"curies":[{"name":"wp","href":"https:\/\/api.w.org\/{rel}","templated":true}]}}