{"id":10132,"date":"2024-03-13T12:36:37","date_gmt":"2024-03-13T11:36:37","guid":{"rendered":"https:\/\/agora.xtec.cat\/ceipmisericordia-reus\/?p=10132"},"modified":"2024-03-13T12:36:37","modified_gmt":"2024-03-13T11:36:37","slug":"el-ritme-de-lescola-17","status":"publish","type":"post","link":"https:\/\/agora.xtec.cat\/ceipmisericordia-reus\/general\/el-ritme-de-lescola-17\/","title":{"rendered":"EL RITME DE L&#8217;ESCOLA"},"content":{"rendered":"<p><span style=\"font-weight: 400;\">Hola a totes i tots!<\/span><\/p>\n<p><span style=\"font-weight: 400;\">Amb motiu de la celebraci\u00f3 del Dia de la Dona el passat 8 de mar\u00e7, us proposem la can\u00e7\u00f3 \u201cLliure i Forta\u201d de Joan Rovira per tal que la canteu ben fort!<\/span><\/p>\n<p><a href=\"https:\/\/www.youtube.com\/watch?v=I-1kgcvziTY\"><span style=\"font-weight: 400;\">https:\/\/www.youtube.com\/watch?v=I-1kgcvziTY<\/span><\/a><\/p>\n<p><span style=\"font-weight: 400;\">Movent l\u2019esquelet,<\/span><\/p>\n<p><span style=\"font-weight: 400;\">La Comissi\u00f3 de M\u00e0rqueting i Promoci\u00f3.<\/span><\/p>\n<p><a href=\"https:\/\/agora.xtec.cat\/ceipmisericordia-reus\/wp-content\/uploads\/usu2066\/2024\/03\/CARTELLS-9.jpg\"><img loading=\"lazy\" decoding=\"async\" class=\"alignleft size-large wp-image-10133\" src=\"https:\/\/agora.xtec.cat\/ceipmisericordia-reus\/wp-content\/uploads\/usu2066\/2024\/03\/CARTELLS-9-724x1024.jpg\" alt=\"\" width=\"724\" height=\"1024\" srcset=\"https:\/\/agora.xtec.cat\/ceipmisericordia-reus\/wp-content\/uploads\/usu2066\/2024\/03\/CARTELLS-9-724x1024.jpg 724w, https:\/\/agora.xtec.cat\/ceipmisericordia-reus\/wp-content\/uploads\/usu2066\/2024\/03\/CARTELLS-9-212x300.jpg 212w, https:\/\/agora.xtec.cat\/ceipmisericordia-reus\/wp-content\/uploads\/usu2066\/2024\/03\/CARTELLS-9-768x1086.jpg 768w, https:\/\/agora.xtec.cat\/ceipmisericordia-reus\/wp-content\/uploads\/usu2066\/2024\/03\/CARTELLS-9-1086x1536.jpg 1086w, https:\/\/agora.xtec.cat\/ceipmisericordia-reus\/wp-content\/uploads\/usu2066\/2024\/03\/CARTELLS-9.jpg 1414w\" sizes=\"auto, (max-width: 724px) 100vw, 724px\" \/><\/a><\/p>\n","protected":false},"excerpt":{"rendered":"<p>Hola a totes i tots!<br \/>\nAmb motiu de la celebraci\u00f3 del Dia de la Dona el passat 8 de mar\u00e7, us proposem la can\u00e7\u00f3 \u201cLliure i Forta\u201d de Joan Rovira per tal que la canteu ben fort!<br \/>\n<a href=\"https:\/\/www.youtube.com\/watch?v=I-1kgcvziTY\">https:\/\/www.youtube.com\/watch?v=I-1kgcvziTY<\/a><br \/>\nMovent l\u2019esquelet,<br \/>\nLa Comissi\u00f3 de M\u00e0rqueting i Promoci\u00f3.<br \/>\n<a href=\"https:\/\/agora.xtec.cat\/ceipmisericordia-reus\/wp-content\/uploads\/usu2066\/2024\/03\/CARTELLS-9.jpg\"><\/a><\/p>\n","protected":false},"author":4,"featured_media":0,"comment_status":"open","ping_status":"closed","sticky":false,"template":"","format":"standard","meta":{"_bbp_topic_count":0,"_bbp_reply_count":0,"_bbp_total_topic_count":0,"_bbp_total_reply_count":0,"_bbp_voice_count":0,"_bbp_anonymous_reply_count":0,"_bbp_topic_count_hidden":0,"_bbp_reply_count_hidden":0,"_bbp_forum_subforum_count":0,"footnotes":""},"categories":[226,242,1,4],"tags":[],"class_list":["post-10132","post","type-post","status-publish","format-standard","hentry","category-canco-quinzenal","category-comissio-marqueting-i-promocio","category-general","category-portada"],"post_mailing_queue_ids":[],"_links":{"self":[{"href":"https:\/\/agora.xtec.cat\/ceipmisericordia-reus\/wp-json\/wp\/v2\/posts\/10132","targetHints":{"allow":["GET"]}}],"collection":[{"href":"https:\/\/agora.xtec.cat\/ceipmisericordia-reus\/wp-json\/wp\/v2\/posts"}],"about":[{"href":"https:\/\/agora.xtec.cat\/ceipmisericordia-reus\/wp-json\/wp\/v2\/types\/post"}],"author":[{"embeddable":true,"href":"https:\/\/agora.xtec.cat\/ceipmisericordia-reus\/wp-json\/wp\/v2\/users\/4"}],"replies":[{"embeddable":true,"href":"https:\/\/agora.xtec.cat\/ceipmisericordia-reus\/wp-json\/wp\/v2\/comments?post=10132"}],"version-history":[{"count":1,"href":"https:\/\/agora.xtec.cat\/ceipmisericordia-reus\/wp-json\/wp\/v2\/posts\/10132\/revisions"}],"predecessor-version":[{"id":10134,"href":"https:\/\/agora.xtec.cat\/ceipmisericordia-reus\/wp-json\/wp\/v2\/posts\/10132\/revisions\/10134"}],"wp:attachment":[{"href":"https:\/\/agora.xtec.cat\/ceipmisericordia-reus\/wp-json\/wp\/v2\/media?parent=10132"}],"wp:term":[{"taxonomy":"category","embeddable":true,"href":"https:\/\/agora.xtec.cat\/ceipmisericordia-reus\/wp-json\/wp\/v2\/categories?post=10132"},{"taxonomy":"post_tag","embeddable":true,"href":"https:\/\/agora.xtec.cat\/ceipmisericordia-reus\/wp-json\/wp\/v2\/tags?post=10132"}],"curies":[{"name":"wp","href":"https:\/\/api.w.org\/{rel}","templated":true}]}}