{"id":10073,"date":"2024-02-24T13:24:46","date_gmt":"2024-02-24T12:24:46","guid":{"rendered":"https:\/\/agora.xtec.cat\/ceipmisericordia-reus\/?p=10073"},"modified":"2024-02-24T13:24:46","modified_gmt":"2024-02-24T12:24:46","slug":"aqui-comenca-tot-2","status":"publish","type":"post","link":"https:\/\/agora.xtec.cat\/ceipmisericordia-reus\/general\/aqui-comenca-tot-2\/","title":{"rendered":"AQU\u00cd COMEN\u00c7A TOT"},"content":{"rendered":"<p>El teu barri,<br \/>\nla teva escola\u00a0 \u00a0 \u00a0 #igualtat\u00a0 \u00a0 \u00a0 \u00a0Xarxa d\u2019Escoles P\u00fabliques de Reus,<br \/>\nAQU\u00cd COMEN\u00c7A TOT!<\/p>\n<p>#PortesObertes #SomEscolaP\u00fablica #ViuLaP\u00fablica #Preinscripci\u00f3 #XarxaEscolesP\u00fabliquesReus #XEPR<\/p>\n<p><a href=\"https:\/\/agora.xtec.cat\/ceipmisericordia-reus\/wp-content\/uploads\/usu2066\/2024\/02\/1-1.jpeg\"><img loading=\"lazy\" decoding=\"async\" class=\"alignleft size-large wp-image-10074\" src=\"https:\/\/agora.xtec.cat\/ceipmisericordia-reus\/wp-content\/uploads\/usu2066\/2024\/02\/1-1-1024x1024.jpeg\" alt=\"\" width=\"1024\" height=\"1024\" srcset=\"https:\/\/agora.xtec.cat\/ceipmisericordia-reus\/wp-content\/uploads\/usu2066\/2024\/02\/1-1-1024x1024.jpeg 1024w, https:\/\/agora.xtec.cat\/ceipmisericordia-reus\/wp-content\/uploads\/usu2066\/2024\/02\/1-1-300x300.jpeg 300w, https:\/\/agora.xtec.cat\/ceipmisericordia-reus\/wp-content\/uploads\/usu2066\/2024\/02\/1-1-150x150.jpeg 150w, https:\/\/agora.xtec.cat\/ceipmisericordia-reus\/wp-content\/uploads\/usu2066\/2024\/02\/1-1-768x768.jpeg 768w, https:\/\/agora.xtec.cat\/ceipmisericordia-reus\/wp-content\/uploads\/usu2066\/2024\/02\/1-1-1536x1536.jpeg 1536w, https:\/\/agora.xtec.cat\/ceipmisericordia-reus\/wp-content\/uploads\/usu2066\/2024\/02\/1-1.jpeg 2048w\" sizes=\"auto, (max-width: 1024px) 100vw, 1024px\" \/><\/a><\/p>\n","protected":false},"excerpt":{"rendered":"<p>El teu barri,<br \/>\nla teva escola\u00a0 \u00a0 \u00a0 #igualtat\u00a0 \u00a0 \u00a0 \u00a0Xarxa d\u2019Escoles P\u00fabliques de Reus,<br \/>\nAQU\u00cd COMEN\u00c7A TOT!<br \/>\n#PortesObertes #SomEscolaP\u00fablica #ViuLaP\u00fablica #Preinscripci\u00f3 #XarxaEscolesP\u00fabliquesReus #XEPR<br \/>\n<a href=\"https:\/\/agora.xtec.cat\/ceipmisericordia-reus\/wp-content\/uploads\/usu2066\/2024\/02\/1-1.jpeg\"><\/a><\/p>\n","protected":false},"author":4,"featured_media":0,"comment_status":"open","ping_status":"closed","sticky":false,"template":"","format":"standard","meta":{"_bbp_topic_count":0,"_bbp_reply_count":0,"_bbp_total_topic_count":0,"_bbp_total_reply_count":0,"_bbp_voice_count":0,"_bbp_anonymous_reply_count":0,"_bbp_topic_count_hidden":0,"_bbp_reply_count_hidden":0,"_bbp_forum_subforum_count":0,"footnotes":""},"categories":[92,86,90,91,1,97,4],"tags":[],"class_list":["post-10073","post","type-post","status-publish","format-standard","hentry","category-activitats-al-centre","category-comunicats","category-ed-infantil","category-ed-primaria","category-general","category-noticies","category-portada"],"post_mailing_queue_ids":[],"_links":{"self":[{"href":"https:\/\/agora.xtec.cat\/ceipmisericordia-reus\/wp-json\/wp\/v2\/posts\/10073","targetHints":{"allow":["GET"]}}],"collection":[{"href":"https:\/\/agora.xtec.cat\/ceipmisericordia-reus\/wp-json\/wp\/v2\/posts"}],"about":[{"href":"https:\/\/agora.xtec.cat\/ceipmisericordia-reus\/wp-json\/wp\/v2\/types\/post"}],"author":[{"embeddable":true,"href":"https:\/\/agora.xtec.cat\/ceipmisericordia-reus\/wp-json\/wp\/v2\/users\/4"}],"replies":[{"embeddable":true,"href":"https:\/\/agora.xtec.cat\/ceipmisericordia-reus\/wp-json\/wp\/v2\/comments?post=10073"}],"version-history":[{"count":1,"href":"https:\/\/agora.xtec.cat\/ceipmisericordia-reus\/wp-json\/wp\/v2\/posts\/10073\/revisions"}],"predecessor-version":[{"id":10075,"href":"https:\/\/agora.xtec.cat\/ceipmisericordia-reus\/wp-json\/wp\/v2\/posts\/10073\/revisions\/10075"}],"wp:attachment":[{"href":"https:\/\/agora.xtec.cat\/ceipmisericordia-reus\/wp-json\/wp\/v2\/media?parent=10073"}],"wp:term":[{"taxonomy":"category","embeddable":true,"href":"https:\/\/agora.xtec.cat\/ceipmisericordia-reus\/wp-json\/wp\/v2\/categories?post=10073"},{"taxonomy":"post_tag","embeddable":true,"href":"https:\/\/agora.xtec.cat\/ceipmisericordia-reus\/wp-json\/wp\/v2\/tags?post=10073"}],"curies":[{"name":"wp","href":"https:\/\/api.w.org\/{rel}","templated":true}]}}