{"id":10067,"date":"2024-02-22T16:55:29","date_gmt":"2024-02-22T15:55:29","guid":{"rendered":"https:\/\/agora.xtec.cat\/ceipmisericordia-reus\/?p=10067"},"modified":"2024-02-22T16:55:29","modified_gmt":"2024-02-22T15:55:29","slug":"xerrada-a-6e-sobre-el-respecte","status":"publish","type":"post","link":"https:\/\/agora.xtec.cat\/ceipmisericordia-reus\/general\/xerrada-a-6e-sobre-el-respecte\/","title":{"rendered":"XERRADA A 6\u00e8 SOBRE EL RESPECTE"},"content":{"rendered":"<p><span style=\"font-weight: 400;\">Fant\u00e0stica xerrada a 6\u00e8 del psic\u00f2leg Francesc Brull sobre el respecte.<\/span><\/p>\n<p><span style=\"font-weight: 400;\">Molt\u00edssimes gr\u00e0cies Sr. Brull.<\/span><\/p>\n<p>&nbsp;<\/p>\n<p><a href=\"https:\/\/agora.xtec.cat\/ceipmisericordia-reus\/wp-content\/uploads\/usu2066\/2024\/02\/IMG_2464-scaled.jpg\"><img loading=\"lazy\" decoding=\"async\" class=\"size-large wp-image-10068 aligncenter\" src=\"https:\/\/agora.xtec.cat\/ceipmisericordia-reus\/wp-content\/uploads\/usu2066\/2024\/02\/IMG_2464-1024x768.jpg\" alt=\"\" width=\"1024\" height=\"768\" srcset=\"https:\/\/agora.xtec.cat\/ceipmisericordia-reus\/wp-content\/uploads\/usu2066\/2024\/02\/IMG_2464-1024x768.jpg 1024w, https:\/\/agora.xtec.cat\/ceipmisericordia-reus\/wp-content\/uploads\/usu2066\/2024\/02\/IMG_2464-300x225.jpg 300w, https:\/\/agora.xtec.cat\/ceipmisericordia-reus\/wp-content\/uploads\/usu2066\/2024\/02\/IMG_2464-768x576.jpg 768w, https:\/\/agora.xtec.cat\/ceipmisericordia-reus\/wp-content\/uploads\/usu2066\/2024\/02\/IMG_2464-1536x1152.jpg 1536w, https:\/\/agora.xtec.cat\/ceipmisericordia-reus\/wp-content\/uploads\/usu2066\/2024\/02\/IMG_2464-2048x1536.jpg 2048w, https:\/\/agora.xtec.cat\/ceipmisericordia-reus\/wp-content\/uploads\/usu2066\/2024\/02\/IMG_2464-200x150.jpg 200w\" sizes=\"auto, (max-width: 1024px) 100vw, 1024px\" \/><\/a><\/p>\n","protected":false},"excerpt":{"rendered":"<p>Fant\u00e0stica xerrada a 6\u00e8 del psic\u00f2leg Francesc Brull sobre el respecte.<br \/>\nMolt\u00edssimes gr\u00e0cies Sr. Brull.<br \/>\n&nbsp;<br \/>\n<a href=\"https:\/\/agora.xtec.cat\/ceipmisericordia-reus\/wp-content\/uploads\/usu2066\/2024\/02\/IMG_2464-scaled.jpg\"><\/a><\/p>\n","protected":false},"author":4,"featured_media":0,"comment_status":"open","ping_status":"closed","sticky":false,"template":"","format":"standard","meta":{"_bbp_topic_count":0,"_bbp_reply_count":0,"_bbp_total_topic_count":0,"_bbp_total_reply_count":0,"_bbp_voice_count":0,"_bbp_anonymous_reply_count":0,"_bbp_topic_count_hidden":0,"_bbp_reply_count_hidden":0,"_bbp_forum_subforum_count":0,"footnotes":""},"categories":[15,80,91,1,4,5],"tags":[438],"class_list":["post-10067","post","type-post","status-publish","format-standard","hentry","category-6e","category-cicle-superior","category-ed-primaria","category-general","category-portada","category-primaria","tag-escolamisericordiadereus-icscampdetarragona-escolapublica-reus-monmisericordia"],"post_mailing_queue_ids":[],"_links":{"self":[{"href":"https:\/\/agora.xtec.cat\/ceipmisericordia-reus\/wp-json\/wp\/v2\/posts\/10067","targetHints":{"allow":["GET"]}}],"collection":[{"href":"https:\/\/agora.xtec.cat\/ceipmisericordia-reus\/wp-json\/wp\/v2\/posts"}],"about":[{"href":"https:\/\/agora.xtec.cat\/ceipmisericordia-reus\/wp-json\/wp\/v2\/types\/post"}],"author":[{"embeddable":true,"href":"https:\/\/agora.xtec.cat\/ceipmisericordia-reus\/wp-json\/wp\/v2\/users\/4"}],"replies":[{"embeddable":true,"href":"https:\/\/agora.xtec.cat\/ceipmisericordia-reus\/wp-json\/wp\/v2\/comments?post=10067"}],"version-history":[{"count":1,"href":"https:\/\/agora.xtec.cat\/ceipmisericordia-reus\/wp-json\/wp\/v2\/posts\/10067\/revisions"}],"predecessor-version":[{"id":10070,"href":"https:\/\/agora.xtec.cat\/ceipmisericordia-reus\/wp-json\/wp\/v2\/posts\/10067\/revisions\/10070"}],"wp:attachment":[{"href":"https:\/\/agora.xtec.cat\/ceipmisericordia-reus\/wp-json\/wp\/v2\/media?parent=10067"}],"wp:term":[{"taxonomy":"category","embeddable":true,"href":"https:\/\/agora.xtec.cat\/ceipmisericordia-reus\/wp-json\/wp\/v2\/categories?post=10067"},{"taxonomy":"post_tag","embeddable":true,"href":"https:\/\/agora.xtec.cat\/ceipmisericordia-reus\/wp-json\/wp\/v2\/tags?post=10067"}],"curies":[{"name":"wp","href":"https:\/\/api.w.org\/{rel}","templated":true}]}}