{"id":10061,"date":"2024-02-22T16:39:45","date_gmt":"2024-02-22T15:39:45","guid":{"rendered":"https:\/\/agora.xtec.cat\/ceipmisericordia-reus\/?p=10061"},"modified":"2024-02-22T16:39:45","modified_gmt":"2024-02-22T15:39:45","slug":"la-classe-dels-pops-hem-visitat-el-museu-de-reus","status":"publish","type":"post","link":"https:\/\/agora.xtec.cat\/ceipmisericordia-reus\/general\/la-classe-dels-pops-hem-visitat-el-museu-de-reus\/","title":{"rendered":"LA CLASSE DELS POPS HEM VISITAT EL MUSEU DE REUS"},"content":{"rendered":"<p><span style=\"font-weight: 400;\">Els nens i nenes de la classe dels Pops hem visitat el Museu de Reus. All\u00ed hem apr\u00e8s moltes coses de la prehist\u00f2ria. Ens ha agradat molt!\u00a0 <\/span><span style=\"font-weight: 400;\">@CodolEducacio\u00a0 <a href=\"https:\/\/agora.xtec.cat\/ceipmisericordia-reus\/wp-content\/uploads\/usu2066\/2024\/02\/20240220_092012-rotated.jpg\"><img loading=\"lazy\" decoding=\"async\" class=\"size-large wp-image-10062 aligncenter\" src=\"https:\/\/agora.xtec.cat\/ceipmisericordia-reus\/wp-content\/uploads\/usu2066\/2024\/02\/20240220_092012-461x1024.jpg\" alt=\"\" width=\"461\" height=\"1024\" srcset=\"https:\/\/agora.xtec.cat\/ceipmisericordia-reus\/wp-content\/uploads\/usu2066\/2024\/02\/20240220_092012-461x1024.jpg 461w, https:\/\/agora.xtec.cat\/ceipmisericordia-reus\/wp-content\/uploads\/usu2066\/2024\/02\/20240220_092012-135x300.jpg 135w, https:\/\/agora.xtec.cat\/ceipmisericordia-reus\/wp-content\/uploads\/usu2066\/2024\/02\/20240220_092012-768x1707.jpg 768w, https:\/\/agora.xtec.cat\/ceipmisericordia-reus\/wp-content\/uploads\/usu2066\/2024\/02\/20240220_092012-691x1536.jpg 691w, https:\/\/agora.xtec.cat\/ceipmisericordia-reus\/wp-content\/uploads\/usu2066\/2024\/02\/20240220_092012-922x2048.jpg 922w, https:\/\/agora.xtec.cat\/ceipmisericordia-reus\/wp-content\/uploads\/usu2066\/2024\/02\/20240220_092012-rotated.jpg 1152w\" sizes=\"auto, (max-width: 461px) 100vw, 461px\" \/><\/a><\/span><\/p>\n","protected":false},"excerpt":{"rendered":"<p>Els nens i nenes de la classe dels Pops hem visitat el Museu de Reus. All\u00ed hem apr\u00e8s moltes coses de la prehist\u00f2ria. Ens ha agradat molt!\u00a0 @CodolEducacio\u00a0 <a href=\"https:\/\/agora.xtec.cat\/ceipmisericordia-reus\/wp-content\/uploads\/usu2066\/2024\/02\/20240220_092012-rotated.jpg\"><\/a><\/p>\n","protected":false},"author":4,"featured_media":0,"comment_status":"open","ping_status":"closed","sticky":false,"template":"","format":"standard","meta":{"_bbp_topic_count":0,"_bbp_reply_count":0,"_bbp_total_topic_count":0,"_bbp_total_reply_count":0,"_bbp_voice_count":0,"_bbp_anonymous_reply_count":0,"_bbp_topic_count_hidden":0,"_bbp_reply_count_hidden":0,"_bbp_forum_subforum_count":0,"footnotes":""},"categories":[90,1,9,4],"tags":[436],"class_list":["post-10061","post","type-post","status-publish","format-standard","hentry","category-ed-infantil","category-general","category-p5","category-portada","tag-escolamisericordiadereus-reuscultura-museusdereus-escolapublica-monmisericordia"],"post_mailing_queue_ids":[],"_links":{"self":[{"href":"https:\/\/agora.xtec.cat\/ceipmisericordia-reus\/wp-json\/wp\/v2\/posts\/10061","targetHints":{"allow":["GET"]}}],"collection":[{"href":"https:\/\/agora.xtec.cat\/ceipmisericordia-reus\/wp-json\/wp\/v2\/posts"}],"about":[{"href":"https:\/\/agora.xtec.cat\/ceipmisericordia-reus\/wp-json\/wp\/v2\/types\/post"}],"author":[{"embeddable":true,"href":"https:\/\/agora.xtec.cat\/ceipmisericordia-reus\/wp-json\/wp\/v2\/users\/4"}],"replies":[{"embeddable":true,"href":"https:\/\/agora.xtec.cat\/ceipmisericordia-reus\/wp-json\/wp\/v2\/comments?post=10061"}],"version-history":[{"count":1,"href":"https:\/\/agora.xtec.cat\/ceipmisericordia-reus\/wp-json\/wp\/v2\/posts\/10061\/revisions"}],"predecessor-version":[{"id":10063,"href":"https:\/\/agora.xtec.cat\/ceipmisericordia-reus\/wp-json\/wp\/v2\/posts\/10061\/revisions\/10063"}],"wp:attachment":[{"href":"https:\/\/agora.xtec.cat\/ceipmisericordia-reus\/wp-json\/wp\/v2\/media?parent=10061"}],"wp:term":[{"taxonomy":"category","embeddable":true,"href":"https:\/\/agora.xtec.cat\/ceipmisericordia-reus\/wp-json\/wp\/v2\/categories?post=10061"},{"taxonomy":"post_tag","embeddable":true,"href":"https:\/\/agora.xtec.cat\/ceipmisericordia-reus\/wp-json\/wp\/v2\/tags?post=10061"}],"curies":[{"name":"wp","href":"https:\/\/api.w.org\/{rel}","templated":true}]}}