{"id":10017,"date":"2024-02-14T12:22:53","date_gmt":"2024-02-14T11:22:53","guid":{"rendered":"https:\/\/agora.xtec.cat\/ceipmisericordia-reus\/?p=10017"},"modified":"2024-02-14T12:22:53","modified_gmt":"2024-02-14T11:22:53","slug":"ritme-de-lescola-4","status":"publish","type":"post","link":"https:\/\/agora.xtec.cat\/ceipmisericordia-reus\/general\/ritme-de-lescola-4\/","title":{"rendered":"RITME DE L&#8217;ESCOLA"},"content":{"rendered":"<p><span style=\"font-weight: 400;\">Hola a totes i a tots!<\/span><\/p>\n<p><span style=\"font-weight: 400;\">En aquesta ocasi\u00f3 la classe dels Taurons (2n) ens ha proposat la can\u00e7\u00f3 \u201cJo canto amb les mans\u201d de Mambes ft. Xiula, amb un missatge molt bonic.\u00a0<\/span><\/p>\n<p><span style=\"font-weight: 400;\">Esperem que us agradi i la gaudiu molt.<\/span><\/p>\n<p><a href=\"https:\/\/www.youtube.com\/watch?v=1ryR_xfQN2k\"><span style=\"font-weight: 400;\">https:\/\/www.youtube.com\/watch?v=1ryR_xfQN2k<\/span><\/a><span style=\"font-weight: 400;\">\u00a0<\/span><\/p>\n<p><span style=\"font-weight: 400;\">Movent l\u2019esquelet,<\/span><\/p>\n<p><span style=\"font-weight: 400;\">La Comissi\u00f3 de M\u00e0rqueting i Promoci\u00f3.\u00a0<\/span><\/p>\n<p><a href=\"https:\/\/agora.xtec.cat\/ceipmisericordia-reus\/wp-content\/uploads\/usu2066\/2024\/02\/CARTELLS-6.jpg\"><img loading=\"lazy\" decoding=\"async\" class=\"alignleft size-large wp-image-10018\" src=\"https:\/\/agora.xtec.cat\/ceipmisericordia-reus\/wp-content\/uploads\/usu2066\/2024\/02\/CARTELLS-6-724x1024.jpg\" alt=\"\" width=\"724\" height=\"1024\" srcset=\"https:\/\/agora.xtec.cat\/ceipmisericordia-reus\/wp-content\/uploads\/usu2066\/2024\/02\/CARTELLS-6-724x1024.jpg 724w, https:\/\/agora.xtec.cat\/ceipmisericordia-reus\/wp-content\/uploads\/usu2066\/2024\/02\/CARTELLS-6-212x300.jpg 212w, https:\/\/agora.xtec.cat\/ceipmisericordia-reus\/wp-content\/uploads\/usu2066\/2024\/02\/CARTELLS-6-768x1086.jpg 768w, https:\/\/agora.xtec.cat\/ceipmisericordia-reus\/wp-content\/uploads\/usu2066\/2024\/02\/CARTELLS-6-1086x1536.jpg 1086w, https:\/\/agora.xtec.cat\/ceipmisericordia-reus\/wp-content\/uploads\/usu2066\/2024\/02\/CARTELLS-6.jpg 1414w\" sizes=\"auto, (max-width: 724px) 100vw, 724px\" \/><\/a><\/p>\n","protected":false},"excerpt":{"rendered":"<p>Hola a totes i a tots!<br \/>\nEn aquesta ocasi\u00f3 la classe dels Taurons (2n) ens ha proposat la can\u00e7\u00f3 \u201cJo canto amb les mans\u201d de Mambes ft. Xiula, amb un missatge molt bonic.\u00a0<br \/>\nEsperem que us agradi i la gaudiu molt.<br \/>\n<a href=\"https:\/\/www.youtube.com\/watch?v=1ryR_xfQN2k\">https:\/\/www.youtube.com\/watch?v=1ryR_xfQN2k<\/a>\u00a0<br \/>\nMovent l\u2019esquelet,<br \/>\nLa Comissi\u00f3 de M\u00e0rqueting i&hellip;  <a href=\"https:\/\/agora.xtec.cat\/ceipmisericordia-reus\/general\/ritme-de-lescola-4\/\" title=\"Read RITME DE L&#8217;ESCOLA\">Llegeix m\u00e9s\u00bb<\/a><\/p>\n","protected":false},"author":4,"featured_media":0,"comment_status":"open","ping_status":"closed","sticky":false,"template":"","format":"standard","meta":{"_bbp_topic_count":0,"_bbp_reply_count":0,"_bbp_total_topic_count":0,"_bbp_total_reply_count":0,"_bbp_voice_count":0,"_bbp_anonymous_reply_count":0,"_bbp_topic_count_hidden":0,"_bbp_reply_count_hidden":0,"_bbp_forum_subforum_count":0,"footnotes":""},"categories":[226,242,1,4],"tags":[],"class_list":["post-10017","post","type-post","status-publish","format-standard","hentry","category-canco-quinzenal","category-comissio-marqueting-i-promocio","category-general","category-portada"],"post_mailing_queue_ids":[],"_links":{"self":[{"href":"https:\/\/agora.xtec.cat\/ceipmisericordia-reus\/wp-json\/wp\/v2\/posts\/10017","targetHints":{"allow":["GET"]}}],"collection":[{"href":"https:\/\/agora.xtec.cat\/ceipmisericordia-reus\/wp-json\/wp\/v2\/posts"}],"about":[{"href":"https:\/\/agora.xtec.cat\/ceipmisericordia-reus\/wp-json\/wp\/v2\/types\/post"}],"author":[{"embeddable":true,"href":"https:\/\/agora.xtec.cat\/ceipmisericordia-reus\/wp-json\/wp\/v2\/users\/4"}],"replies":[{"embeddable":true,"href":"https:\/\/agora.xtec.cat\/ceipmisericordia-reus\/wp-json\/wp\/v2\/comments?post=10017"}],"version-history":[{"count":1,"href":"https:\/\/agora.xtec.cat\/ceipmisericordia-reus\/wp-json\/wp\/v2\/posts\/10017\/revisions"}],"predecessor-version":[{"id":10019,"href":"https:\/\/agora.xtec.cat\/ceipmisericordia-reus\/wp-json\/wp\/v2\/posts\/10017\/revisions\/10019"}],"wp:attachment":[{"href":"https:\/\/agora.xtec.cat\/ceipmisericordia-reus\/wp-json\/wp\/v2\/media?parent=10017"}],"wp:term":[{"taxonomy":"category","embeddable":true,"href":"https:\/\/agora.xtec.cat\/ceipmisericordia-reus\/wp-json\/wp\/v2\/categories?post=10017"},{"taxonomy":"post_tag","embeddable":true,"href":"https:\/\/agora.xtec.cat\/ceipmisericordia-reus\/wp-json\/wp\/v2\/tags?post=10017"}],"curies":[{"name":"wp","href":"https:\/\/api.w.org\/{rel}","templated":true}]}}