{"id":10003,"date":"2024-02-07T19:39:38","date_gmt":"2024-02-07T18:39:38","guid":{"rendered":"https:\/\/agora.xtec.cat\/ceipmisericordia-reus\/?p=10003"},"modified":"2024-02-07T19:40:04","modified_gmt":"2024-02-07T18:40:04","slug":"100tifiques-a-6e","status":"publish","type":"post","link":"https:\/\/agora.xtec.cat\/ceipmisericordia-reus\/portada\/100tifiques-a-6e\/","title":{"rendered":"#100T\u00cdFIQUES a 6\u00e8"},"content":{"rendered":"<p>Aquest dimecres dia 7, amb la proximitat del dia de la Dona i la Nena a la Ci\u00e8ncia (11 de febrer), els nens i nenes de la classe del cavallet de mar hem tingut el plaer de rebre a la Insaf Riahi. Ens ha explicat la seva traject\u00f2ria professional i el seu camp d\u2019estudi: enginyeria agroaliment\u00e0ria en animals.Ha estat interessant\u00edssima la xerrada i hem apr\u00e8s molt\u00edssimes coses relacionades amb l\u2019alimentaci\u00f3 i les micotoxines! moltes gr\u00e0cies! <a href=\"https:\/\/www.facebook.com\/hashtag\/escolamisericordiadereus?__eep__=6&amp;__cft__%5b0%5d=AZXPnBLrZGyfCwUghIfxRdCbAl3SGrq1c4acehaHBDqrtrKwGzzbbZbiCr3LYMyqo_Fhu1IgnzdoyPEcWyfdg12VhS9U1tuEy19NR3EXS3JobQ&amp;__tn__=*NK-R\">#escolamisericordiadereus<\/a> <a href=\"https:\/\/www.facebook.com\/hashtag\/100t%C3%ADfiques?__eep__=6&amp;__cft__%5b0%5d=AZXPnBLrZGyfCwUghIfxRdCbAl3SGrq1c4acehaHBDqrtrKwGzzbbZbiCr3LYMyqo_Fhu1IgnzdoyPEcWyfdg12VhS9U1tuEy19NR3EXS3JobQ&amp;__tn__=*NK-R\">#100t\u00edfiques<\/a> <a href=\"https:\/\/www.facebook.com\/hashtag\/escolap%C3%BAblica?__eep__=6&amp;__cft__%5b0%5d=AZXPnBLrZGyfCwUghIfxRdCbAl3SGrq1c4acehaHBDqrtrKwGzzbbZbiCr3LYMyqo_Fhu1IgnzdoyPEcWyfdg12VhS9U1tuEy19NR3EXS3JobQ&amp;__tn__=*NK-R\">#escolap\u00fablica<\/a> <a href=\"https:\/\/www.facebook.com\/hashtag\/monmisericordia?__eep__=6&amp;__cft__%5b0%5d=AZXPnBLrZGyfCwUghIfxRdCbAl3SGrq1c4acehaHBDqrtrKwGzzbbZbiCr3LYMyqo_Fhu1IgnzdoyPEcWyfdg12VhS9U1tuEy19NR3EXS3JobQ&amp;__tn__=*NK-R\">#monmisericordia<\/a><\/p>\n<p><a href=\"https:\/\/agora.xtec.cat\/ceipmisericordia-reus\/wp-content\/uploads\/usu2066\/2024\/02\/1-scaled.jpg\"><img loading=\"lazy\" decoding=\"async\" class=\"alignleft size-large wp-image-10004\" src=\"https:\/\/agora.xtec.cat\/ceipmisericordia-reus\/wp-content\/uploads\/usu2066\/2024\/02\/1-1024x576.jpg\" alt=\"\" width=\"1024\" height=\"576\" srcset=\"https:\/\/agora.xtec.cat\/ceipmisericordia-reus\/wp-content\/uploads\/usu2066\/2024\/02\/1-1024x576.jpg 1024w, https:\/\/agora.xtec.cat\/ceipmisericordia-reus\/wp-content\/uploads\/usu2066\/2024\/02\/1-300x169.jpg 300w, https:\/\/agora.xtec.cat\/ceipmisericordia-reus\/wp-content\/uploads\/usu2066\/2024\/02\/1-768x432.jpg 768w, https:\/\/agora.xtec.cat\/ceipmisericordia-reus\/wp-content\/uploads\/usu2066\/2024\/02\/1-1536x864.jpg 1536w, https:\/\/agora.xtec.cat\/ceipmisericordia-reus\/wp-content\/uploads\/usu2066\/2024\/02\/1-2048x1152.jpg 2048w\" sizes=\"auto, (max-width: 1024px) 100vw, 1024px\" \/><\/a><\/p>\n","protected":false},"excerpt":{"rendered":"<p>Aquest dimecres dia 7, amb la proximitat del dia de la Dona i la Nena a la Ci\u00e8ncia (11 de febrer), els nens i nenes de la classe del cavallet de mar hem tingut el plaer de rebre a la Insaf Riahi. Ens ha explicat&hellip;  <a href=\"https:\/\/agora.xtec.cat\/ceipmisericordia-reus\/portada\/100tifiques-a-6e\/\" title=\"Read #100T\u00cdFIQUES a 6\u00e8\">Llegeix m\u00e9s\u00bb<\/a><\/p>\n","protected":false},"author":4,"featured_media":0,"comment_status":"open","ping_status":"closed","sticky":false,"template":"","format":"standard","meta":{"_bbp_topic_count":0,"_bbp_reply_count":0,"_bbp_total_topic_count":0,"_bbp_total_reply_count":0,"_bbp_voice_count":0,"_bbp_anonymous_reply_count":0,"_bbp_topic_count_hidden":0,"_bbp_reply_count_hidden":0,"_bbp_forum_subforum_count":0,"footnotes":""},"categories":[15,92,80,78,91,206,4],"tags":[],"class_list":["post-10003","post","type-post","status-publish","format-standard","hentry","category-6e","category-activitats-al-centre","category-cicle-superior","category-ciencia","category-ed-primaria","category-medi","category-portada"],"post_mailing_queue_ids":[],"_links":{"self":[{"href":"https:\/\/agora.xtec.cat\/ceipmisericordia-reus\/wp-json\/wp\/v2\/posts\/10003","targetHints":{"allow":["GET"]}}],"collection":[{"href":"https:\/\/agora.xtec.cat\/ceipmisericordia-reus\/wp-json\/wp\/v2\/posts"}],"about":[{"href":"https:\/\/agora.xtec.cat\/ceipmisericordia-reus\/wp-json\/wp\/v2\/types\/post"}],"author":[{"embeddable":true,"href":"https:\/\/agora.xtec.cat\/ceipmisericordia-reus\/wp-json\/wp\/v2\/users\/4"}],"replies":[{"embeddable":true,"href":"https:\/\/agora.xtec.cat\/ceipmisericordia-reus\/wp-json\/wp\/v2\/comments?post=10003"}],"version-history":[{"count":2,"href":"https:\/\/agora.xtec.cat\/ceipmisericordia-reus\/wp-json\/wp\/v2\/posts\/10003\/revisions"}],"predecessor-version":[{"id":10006,"href":"https:\/\/agora.xtec.cat\/ceipmisericordia-reus\/wp-json\/wp\/v2\/posts\/10003\/revisions\/10006"}],"wp:attachment":[{"href":"https:\/\/agora.xtec.cat\/ceipmisericordia-reus\/wp-json\/wp\/v2\/media?parent=10003"}],"wp:term":[{"taxonomy":"category","embeddable":true,"href":"https:\/\/agora.xtec.cat\/ceipmisericordia-reus\/wp-json\/wp\/v2\/categories?post=10003"},{"taxonomy":"post_tag","embeddable":true,"href":"https:\/\/agora.xtec.cat\/ceipmisericordia-reus\/wp-json\/wp\/v2\/tags?post=10003"}],"curies":[{"name":"wp","href":"https:\/\/api.w.org\/{rel}","templated":true}]}}