{"id":68,"count":9,"description":"<span style=\"color: #ffcc00;\"><b>TALLERS INTERNIVELLS<\/b><\/span>\r\n\r\n<span style=\"font-weight: 400;\">Els Tallers Internivells\u00a0 s\u00f3n activitats que es fan cada\u00a0 divendres a la tarda on participa tot l\u2019alumnat\u00a0 d\u2019infantil, P3, P4 i P5.<\/span>\r\n\r\n<b>OBJECTIUS<\/b>\r\n<ul>\r\n \t<li style=\"font-weight: 400;\"><span style=\"font-weight: 400;\">Descobrir el valor de la cooperaci\u00f3, la interacci\u00f3 i la socialitzaci\u00f3 compartint espais i materials.<\/span><\/li>\r\n \t<li style=\"font-weight: 400;\"><span style=\"font-weight: 400;\">Afavorir la participaci\u00f3 col\u00b7lectiva en la consecuci\u00f3 d\u2019un objectiu.<\/span><\/li>\r\n \t<li style=\"font-weight: 400;\"><span style=\"font-weight: 400;\">Saber i\/o familiaritzar-se amb diferents materials proposats als tallers.<\/span><\/li>\r\n \t<li style=\"font-weight: 400;\"><span style=\"font-weight: 400;\">Respectar els materials de les activitats<\/span><\/li>\r\n \t<li style=\"font-weight: 400;\"><span style=\"font-weight: 400;\">Saber anar en ordre i caminant pel passad\u00eds quan es canvia d\u2019activitat.<\/span><\/li>\r\n \t<li style=\"font-weight: 400;\"><span style=\"font-weight: 400;\">Saber demanar perm\u00eds i esperar el seu torn.<\/span><\/li>\r\n \t<li style=\"font-weight: 400;\"><span style=\"font-weight: 400;\">Aprendre a relacionar-se amb els altres alumnes de l\u2019escola.<\/span><\/li>\r\n<\/ul>\r\n<b>ACTIVITATS<\/b>\r\n<ul>\r\n \t<li><span style=\"font-weight: 400;\">Taller de Dramatitzaci\u00f3<\/span><\/li>\r\n \t<li><span style=\"font-weight: 400;\">Taller d\u2019Experiments<\/span><\/li>\r\n \t<li><span style=\"font-weight: 400;\">Taller L\u00f2gico-matem\u00e0tic<\/span><\/li>\r\n \t<li><span style=\"font-weight: 400;\">Taller d\u2019Emocions<\/span><\/li>\r\n \t<li><span style=\"font-weight: 400;\">Taller Art\u00edstic<\/span><\/li>\r\n \t<li><span style=\"font-weight: 400;\">Taller de Contes<\/span><\/li>\r\n \t<li><span style=\"font-weight: 400;\">Taller de Psicomotricitat fina<\/span><\/li>\r\n \t<li><span style=\"font-weight: 400;\">Taller de Psicomotricitat gruixuda<\/span><\/li>\r\n \t<li><span style=\"font-weight: 400;\">Taller de Joc simb\u00f2lic<\/span><\/li>\r\n \t<li><span style=\"font-weight: 400;\">Taller de Jocs cooperatius<\/span><\/li>\r\n<\/ul>\r\n<b>ORGANITZACI\u00d3<\/b>\r\n\r\n<span style=\"font-weight: 400;\">Cada divendres hi ha cinc tallers distribu\u00efts en diferents espais on poden anar els alumnes i s\u00f3n de lliure elecci\u00f3. Cal demanar perm\u00eds abans d\u2019entrar i si hi ha molts nens i el mestre considera que no pot entrar en aquell moment, l\u2019 alumne ha d\u2019anar a buscar un altre taller i tornar mes tard.<\/span>","link":"https:\/\/agora.xtec.cat\/ceipmisericordia-reus\/categoria\/tallers-a-infantil\/","name":"Tallers a infantil","slug":"tallers-a-infantil","taxonomy":"category","parent":0,"meta":[],"_links":{"self":[{"href":"https:\/\/agora.xtec.cat\/ceipmisericordia-reus\/wp-json\/wp\/v2\/categories\/68","targetHints":{"allow":["GET"]}}],"collection":[{"href":"https:\/\/agora.xtec.cat\/ceipmisericordia-reus\/wp-json\/wp\/v2\/categories"}],"about":[{"href":"https:\/\/agora.xtec.cat\/ceipmisericordia-reus\/wp-json\/wp\/v2\/taxonomies\/category"}],"wp:post_type":[{"href":"https:\/\/agora.xtec.cat\/ceipmisericordia-reus\/wp-json\/wp\/v2\/posts?categories=68"}],"curies":[{"name":"wp","href":"https:\/\/api.w.org\/{rel}","templated":true}]}}