{"id":65,"count":34,"description":"<strong><span style=\"color: #ff00ff;\">FEM CORAL<\/span><\/strong>\r\n\r\n<span style=\"font-weight: 400;\">La m\u00fasica \u00e9s un element essencial en el desenvolupament i l\u2019aprenentatge dels nens i nenes. Els infants que creixen escoltant m\u00fasica, cantant can\u00e7ons, i movent-se al ritme de la m\u00fasica gaudeixen d\u2019un millor sistema sensorial ja que creen m\u00e9s enlla\u00e7os en les connexions neuronals del cervell. Tamb\u00e9 ajuda a desenvolupar una millor sensibilitat en l\u2019\u00e0mbit expressiu i art\u00edstic.<\/span>\r\n\r\n<span style=\"font-weight: 400;\">La pr\u00e0ctica del Cant Coral \u00e9s una eina que ajuda a desenvolupar diverses actituds com el silenci, l\u2019atenci\u00f3, l\u2019escolta, l\u2019emissi\u00f3 de la veu, la interpretaci\u00f3 musical col\u00b7lectiva, la col\u00b7locaci\u00f3 corporal, valoraci\u00f3 del treball col\u00b7lectiu, etc. alhora que permet la creaci\u00f3 art\u00edstica de conjunt.<\/span>\r\n\r\n<span style=\"color: #ff99cc;\"><em><span style=\"font-weight: 400;\">La import\u00e0ncia<\/span> <span style=\"font-weight: 400;\">del cant coral<\/span><\/em><\/span>\r\n\r\n<span style=\"font-weight: 400;\">L'Educaci\u00f3 Auditiva, l'Educaci\u00f3 R\u00edtmica<\/span> <span style=\"font-weight: 400;\">i l'Educaci\u00f3 Vocal s\u00f3n tres blocs<\/span> <span style=\"font-weight: 400;\">independents i a la vegada \u00edntimament relacionats entre s\u00ed que constitueixen un aspecte fonamental de la m\u00fasica.<\/span>\r\n\r\n<span style=\"font-weight: 400;\">Els\u00a0 tres blocs es treballen a partir del cant coral. El Cant Coral afavoreix el desenvolupament integral de l'infant ja que potencia l'expressi\u00f3 verbal i la comunicaci\u00f3, treballa la conscienciaci\u00f3 corporal i de la veu, contribueix al desenvolupament de la intel\u00b7lig\u00e8ncia emocional i facilita la socialitzaci\u00f3 i l'educaci\u00f3 en valors. Per altra banda, constitueix l'aspecte globalitzador de totes les \u00e0rees d'educaci\u00f3 musical, perqu\u00e8 en el cant, es troben tots els elements musicals (ritme, melodia, forma, articulaci\u00f3 i car\u00e0cter).<\/span>\r\n\r\n<span style=\"font-weight: 400;\">Els alumnes que cantin a la Coral desenvoluparan la veu com a instrument propi i gaudiran dels beneficis que la m\u00fasica aporta (expressi\u00f3 verbal i comunicaci\u00f3, consci\u00e8ncia corporal, desenvolupament de la intel\u00b7lig\u00e8ncia emocional, socialitzaci\u00f3, gaudi per la m\u00fasica i pel cant col\u00b7lectiu, etc.). A trav\u00e9s del cant col\u00b7lectiu i l\u00fadic, els nens i nenes treballaran l'afinaci\u00f3, la interioritzaci\u00f3 i memoritzaci\u00f3 del ritme i la melodia i l'expressi\u00f3 de matisos d'intensitat.<\/span>\r\n\r\n<a href=\"https:\/\/agora.xtec.cat\/ceipmisericordia-reus\/wp-content\/uploads\/usu2066\/2020\/02\/Mindfulnes-1-1-1.jpg\"><img class=\"alignnone size-full wp-image-881\" src=\"https:\/\/agora.xtec.cat\/ceipmisericordia-reus\/wp-content\/uploads\/usu2066\/2020\/02\/Mindfulnes-1-1-1.jpg\" alt=\"\" width=\"640\" height=\"480\" \/><\/a> <a href=\"https:\/\/agora.xtec.cat\/ceipmisericordia-reus\/wp-content\/uploads\/usu2066\/2020\/02\/Mindfulnes-2-1.jpg\"><img class=\"alignnone size-full wp-image-880\" src=\"https:\/\/agora.xtec.cat\/ceipmisericordia-reus\/wp-content\/uploads\/usu2066\/2020\/02\/Mindfulnes-2-1.jpg\" alt=\"\" width=\"640\" height=\"480\" \/><\/a> <a href=\"https:\/\/agora.xtec.cat\/ceipmisericordia-reus\/wp-content\/uploads\/usu2066\/2020\/02\/Coral1-1.jpg\"><img class=\"alignnone size-full wp-image-879\" src=\"https:\/\/agora.xtec.cat\/ceipmisericordia-reus\/wp-content\/uploads\/usu2066\/2020\/02\/Coral1-1.jpg\" alt=\"\" width=\"640\" height=\"480\" \/><\/a>","link":"https:\/\/agora.xtec.cat\/ceipmisericordia-reus\/categoria\/fem-coral\/","name":"Fem Coral","slug":"fem-coral","taxonomy":"category","parent":0,"meta":[],"_links":{"self":[{"href":"https:\/\/agora.xtec.cat\/ceipmisericordia-reus\/wp-json\/wp\/v2\/categories\/65","targetHints":{"allow":["GET"]}}],"collection":[{"href":"https:\/\/agora.xtec.cat\/ceipmisericordia-reus\/wp-json\/wp\/v2\/categories"}],"about":[{"href":"https:\/\/agora.xtec.cat\/ceipmisericordia-reus\/wp-json\/wp\/v2\/taxonomies\/category"}],"wp:post_type":[{"href":"https:\/\/agora.xtec.cat\/ceipmisericordia-reus\/wp-json\/wp\/v2\/posts?categories=65"}],"curies":[{"name":"wp","href":"https:\/\/api.w.org\/{rel}","templated":true}]}}