{"id":62,"count":66,"description":"<strong><span style=\"color: #339966;\">ESCOLA VERDA<\/span><\/strong>\r\n\r\n<span style=\"font-weight: 400;\">Al curs 2017-2018 la nostra escola va obtenir la certificaci\u00f3 del Departament d\u2019Educaci\u00f3 d\u2019Escola Verda que oficialitza el nostre comprom\u00eds amb el Medi Ambient i la determinaci\u00f3 de l\u2019equip docent en la formaci\u00f3 i conscienciaci\u00f3 de l\u2019alumnat i de les fam\u00edlies vers el respecte al Medi Ambient i el coneixement tant d\u2019h\u00e0bits com d\u2019estrat\u00e8gies que afavoreixin la sostenibilitat, la cura de l\u2019entorn, la reutilitzaci\u00f3, el reciclatge i la reducci\u00f3 de residus.<\/span>\r\n\r\n<span style=\"font-weight: 400;\">Destaquem les seg\u00fcents iniciatives:<\/span>\r\n<ul>\r\n \t<li style=\"font-weight: 400;\"><span style=\"font-weight: 400;\">Hort ecol\u00f2gic escolar.<\/span><\/li>\r\n \t<li style=\"font-weight: 400;\"><span style=\"font-weight: 400;\">Comit\u00e8 Ambiental.<\/span><\/li>\r\n \t<li style=\"font-weight: 400;\"><span style=\"font-weight: 400;\">Cartellera Escola Verda.<\/span><\/li>\r\n \t<li style=\"font-weight: 400;\"><span style=\"font-weight: 400;\">Estalvi d\u2019energia i aigua.<\/span><\/li>\r\n \t<li style=\"font-weight: 400;\"><span style=\"font-weight: 400;\">Recollida selectiva del 100% dels residus.<\/span><\/li>\r\n \t<li style=\"font-weight: 400;\"><span style=\"font-weight: 400;\">Accions educatives alumnat\/fam\u00edlies (implicaci\u00f3 i participaci\u00f3)<\/span><\/li>\r\n \t<li style=\"font-weight: 400;\"><span style=\"font-weight: 400;\">Participaci\u00f3 en esdeveniments medioambientals.<\/span><\/li>\r\n<\/ul>","link":"https:\/\/agora.xtec.cat\/ceipmisericordia-reus\/categoria\/escola-verda\/","name":"Escola Verda","slug":"escola-verda","taxonomy":"category","parent":0,"meta":[],"_links":{"self":[{"href":"https:\/\/agora.xtec.cat\/ceipmisericordia-reus\/wp-json\/wp\/v2\/categories\/62","targetHints":{"allow":["GET"]}}],"collection":[{"href":"https:\/\/agora.xtec.cat\/ceipmisericordia-reus\/wp-json\/wp\/v2\/categories"}],"about":[{"href":"https:\/\/agora.xtec.cat\/ceipmisericordia-reus\/wp-json\/wp\/v2\/taxonomies\/category"}],"wp:post_type":[{"href":"https:\/\/agora.xtec.cat\/ceipmisericordia-reus\/wp-json\/wp\/v2\/posts?categories=62"}],"curies":[{"name":"wp","href":"https:\/\/api.w.org\/{rel}","templated":true}]}}