{"id":5121,"date":"2026-04-21T16:21:40","date_gmt":"2026-04-21T14:21:40","guid":{"rendered":"https:\/\/agora.xtec.cat\/ceipmiravet\/?p=5121"},"modified":"2026-04-21T16:24:21","modified_gmt":"2026-04-21T14:24:21","slug":"ens-orientem-amb-la-cameta-coixa-ii","status":"publish","type":"post","link":"https:\/\/agora.xtec.cat\/ceipmiravet\/general\/ens-orientem-amb-la-cameta-coixa-ii\/","title":{"rendered":"Ens Orientem amb la Cameta Coixa II"},"content":{"rendered":"<p>El dijous 9 d&#8217;abril els alumnes de 3r a 6\u00e8 a prim\u00e0ria vam fer una segona sessi\u00f3 d&#8217;Orientaci\u00f3 per la muntanya amb dos membres de l&#8217;Associaci\u00f3 La Cameta Coixa, en Josep Benaiges i en Josep Fabregat. Enguany hem ampliat el treball de l&#8217;orientaci\u00f3 per la muntanya per tal que l&#8217;alumnat s\u00e0piga orientar-se i llegir un mapa correctament. Vam fer grups i vam aprendre a fer servir una br\u00faixola i vam fer una excursi\u00f3 a la Covalta. Tamb\u00e9 vam aprendre a recon\u00e8ixer plantes i arbres m\u00e9s caracter\u00edstics de la zona.<\/p>\n<p>Des de l&#8217;escola volem agrair la col\u00b7laboraci\u00f3 de l&#8217;Associaci\u00f3 la Cameta Coixa i volem animar a les fam\u00edlies a participar d&#8217;una activitat conjunta aquests el curs vinent.<\/p>\n<p><a href=\"https:\/\/agora.xtec.cat\/ceipmiravet\/wp-content\/uploads\/usu529\/2026\/04\/IMG_0479-1-scaled.jpeg\"><img loading=\"lazy\" decoding=\"async\" class=\"alignnone size-medium wp-image-5123\" src=\"https:\/\/agora.xtec.cat\/ceipmiravet\/wp-content\/uploads\/usu529\/2026\/04\/IMG_0479-1-300x225.jpeg\" alt=\"\" width=\"300\" height=\"225\" srcset=\"https:\/\/agora.xtec.cat\/ceipmiravet\/wp-content\/uploads\/usu529\/2026\/04\/IMG_0479-1-300x225.jpeg 300w, https:\/\/agora.xtec.cat\/ceipmiravet\/wp-content\/uploads\/usu529\/2026\/04\/IMG_0479-1-1024x768.jpeg 1024w, https:\/\/agora.xtec.cat\/ceipmiravet\/wp-content\/uploads\/usu529\/2026\/04\/IMG_0479-1-768x576.jpeg 768w, https:\/\/agora.xtec.cat\/ceipmiravet\/wp-content\/uploads\/usu529\/2026\/04\/IMG_0479-1-1536x1152.jpeg 1536w, https:\/\/agora.xtec.cat\/ceipmiravet\/wp-content\/uploads\/usu529\/2026\/04\/IMG_0479-1-2048x1536.jpeg 2048w\" sizes=\"auto, (max-width: 300px) 100vw, 300px\" \/><\/a><a href=\"https:\/\/agora.xtec.cat\/ceipmiravet\/wp-content\/uploads\/usu529\/2026\/04\/IMG_0491-1-scaled.jpeg\"><img loading=\"lazy\" decoding=\"async\" class=\"alignnone size-medium wp-image-5125\" src=\"https:\/\/agora.xtec.cat\/ceipmiravet\/wp-content\/uploads\/usu529\/2026\/04\/IMG_0491-1-300x225.jpeg\" alt=\"\" width=\"300\" height=\"225\" srcset=\"https:\/\/agora.xtec.cat\/ceipmiravet\/wp-content\/uploads\/usu529\/2026\/04\/IMG_0491-1-300x225.jpeg 300w, https:\/\/agora.xtec.cat\/ceipmiravet\/wp-content\/uploads\/usu529\/2026\/04\/IMG_0491-1-1024x768.jpeg 1024w, https:\/\/agora.xtec.cat\/ceipmiravet\/wp-content\/uploads\/usu529\/2026\/04\/IMG_0491-1-768x576.jpeg 768w, https:\/\/agora.xtec.cat\/ceipmiravet\/wp-content\/uploads\/usu529\/2026\/04\/IMG_0491-1-1536x1152.jpeg 1536w, https:\/\/agora.xtec.cat\/ceipmiravet\/wp-content\/uploads\/usu529\/2026\/04\/IMG_0491-1-2048x1536.jpeg 2048w\" sizes=\"auto, (max-width: 300px) 100vw, 300px\" \/><\/a><\/p>\n","protected":false},"excerpt":{"rendered":"<p>El dijous 9 d&#8217;abril els alumnes de 3r a 6\u00e8 a prim\u00e0ria vam fer una segona sessi\u00f3 d&#8217;Orientaci\u00f3 per la muntanya amb dos membres de l&#8217;Associaci\u00f3 La Cameta Coixa, en Josep Benaiges i en Josep Fabregat. Enguany hem ampliat el treball de l&#8217;orientaci\u00f3 per la muntanya per tal que l&#8217;alumnat s\u00e0piga orientar-se i llegir un [&hellip;]<\/p>\n","protected":false},"author":1,"featured_media":5122,"comment_status":"open","ping_status":"open","sticky":false,"template":"","format":"standard","meta":{"_bbp_topic_count":0,"_bbp_reply_count":0,"_bbp_total_topic_count":0,"_bbp_total_reply_count":0,"_bbp_voice_count":0,"_bbp_anonymous_reply_count":0,"_bbp_topic_count_hidden":0,"_bbp_reply_count_hidden":0,"_bbp_forum_subforum_count":0,"site-sidebar-layout":"default","site-content-layout":"","ast-site-content-layout":"default","site-content-style":"default","site-sidebar-style":"default","ast-global-header-display":"","ast-banner-title-visibility":"","ast-main-header-display":"","ast-hfb-above-header-display":"","ast-hfb-below-header-display":"","ast-hfb-mobile-header-display":"","site-post-title":"","ast-breadcrumbs-content":"","ast-featured-img":"","footer-sml-layout":"","theme-transparent-header-meta":"default","adv-header-id-meta":"","stick-header-meta":"","header-above-stick-meta":"","header-main-stick-meta":"","header-below-stick-meta":"","astra-migrate-meta-layouts":"set","ast-page-background-enabled":"default","ast-page-background-meta":{"desktop":{"background-color":"var(--ast-global-color-4)","background-image":"","background-repeat":"repeat","background-position":"center center","background-size":"auto","background-attachment":"scroll","background-type":"","background-media":"","overlay-type":"","overlay-color":"","overlay-opacity":"","overlay-gradient":""},"tablet":{"background-color":"","background-image":"","background-repeat":"repeat","background-position":"center center","background-size":"auto","background-attachment":"scroll","background-type":"","background-media":"","overlay-type":"","overlay-color":"","overlay-opacity":"","overlay-gradient":""},"mobile":{"background-color":"","background-image":"","background-repeat":"repeat","background-position":"center center","background-size":"auto","background-attachment":"scroll","background-type":"","background-media":"","overlay-type":"","overlay-color":"","overlay-opacity":"","overlay-gradient":""}},"ast-content-background-meta":{"desktop":{"background-color":"var(--ast-global-color-5)","background-image":"","background-repeat":"repeat","background-position":"center center","background-size":"auto","background-attachment":"scroll","background-type":"","background-media":"","overlay-type":"","overlay-color":"","overlay-opacity":"","overlay-gradient":""},"tablet":{"background-color":"var(--ast-global-color-5)","background-image":"","background-repeat":"repeat","background-position":"center center","background-size":"auto","background-attachment":"scroll","background-type":"","background-media":"","overlay-type":"","overlay-color":"","overlay-opacity":"","overlay-gradient":""},"mobile":{"background-color":"var(--ast-global-color-5)","background-image":"","background-repeat":"repeat","background-position":"center center","background-size":"auto","background-attachment":"scroll","background-type":"","background-media":"","overlay-type":"","overlay-color":"","overlay-opacity":"","overlay-gradient":""}},"footnotes":""},"categories":[37,177,178,404,419,1,4,175,103],"tags":[],"class_list":["post-5121","post","type-post","status-publish","format-standard","has-post-thumbnail","hentry","category-activitats","category-ciclemitja","category-ciclesuperior","category-educacio-fisica","category-ens-orientem-amb-la-cameta-coixa","category-general","category-portada","category-primaria","category-salut"],"post_mailing_queue_ids":[],"_links":{"self":[{"href":"https:\/\/agora.xtec.cat\/ceipmiravet\/wp-json\/wp\/v2\/posts\/5121","targetHints":{"allow":["GET"]}}],"collection":[{"href":"https:\/\/agora.xtec.cat\/ceipmiravet\/wp-json\/wp\/v2\/posts"}],"about":[{"href":"https:\/\/agora.xtec.cat\/ceipmiravet\/wp-json\/wp\/v2\/types\/post"}],"author":[{"embeddable":true,"href":"https:\/\/agora.xtec.cat\/ceipmiravet\/wp-json\/wp\/v2\/users\/1"}],"replies":[{"embeddable":true,"href":"https:\/\/agora.xtec.cat\/ceipmiravet\/wp-json\/wp\/v2\/comments?post=5121"}],"version-history":[{"count":2,"href":"https:\/\/agora.xtec.cat\/ceipmiravet\/wp-json\/wp\/v2\/posts\/5121\/revisions"}],"predecessor-version":[{"id":5126,"href":"https:\/\/agora.xtec.cat\/ceipmiravet\/wp-json\/wp\/v2\/posts\/5121\/revisions\/5126"}],"wp:featuredmedia":[{"embeddable":true,"href":"https:\/\/agora.xtec.cat\/ceipmiravet\/wp-json\/wp\/v2\/media\/5122"}],"wp:attachment":[{"href":"https:\/\/agora.xtec.cat\/ceipmiravet\/wp-json\/wp\/v2\/media?parent=5121"}],"wp:term":[{"taxonomy":"category","embeddable":true,"href":"https:\/\/agora.xtec.cat\/ceipmiravet\/wp-json\/wp\/v2\/categories?post=5121"},{"taxonomy":"post_tag","embeddable":true,"href":"https:\/\/agora.xtec.cat\/ceipmiravet\/wp-json\/wp\/v2\/tags?post=5121"}],"curies":[{"name":"wp","href":"https:\/\/api.w.org\/{rel}","templated":true}]}}