{"id":4985,"date":"2025-03-21T20:32:23","date_gmt":"2025-03-21T19:32:23","guid":{"rendered":"https:\/\/agora.xtec.cat\/ceipmiravet\/?p=4985"},"modified":"2026-03-16T15:59:30","modified_gmt":"2026-03-16T14:59:30","slug":"treballem-lorientacio-amb-la-cameta-coixa","status":"publish","type":"post","link":"https:\/\/agora.xtec.cat\/ceipmiravet\/general\/treballem-lorientacio-amb-la-cameta-coixa\/","title":{"rendered":"Treballem l&#8217;Orientaci\u00f3 amb la Cameta Coixa"},"content":{"rendered":"<div>Aquest curs comencem a treballar un Projecte de col\u00b7laboraci\u00f3 amb l&#8217;Associaci\u00f3 la Cameta Coixa de Miravet. Des de l&#8217;\u00e0rea d&#8217;Educaci\u00f3 F\u00edsica, i tenint en compte el curr\u00edculum del Departament, treballarem l&#8217;Orientaci\u00f3 amb els alumnes amb el suport d&#8217;aquesta Associaci\u00f3. Durant aquest curs iniciarem aquest treball amb els alumnes de Cicle Mitj\u00e0 i Superior de l&#8217;escola i el curs vinent ho traslladarem poc a poc a la resta de nivells.<\/div>\n<div>Aquest dijous 20 de mar\u00e7, vam realitzar una primera sessi\u00f3 que va consistir en:<\/div>\n<div>1. Coneixement te\u00f2ric d&#8217;un mapa topogr\u00e0fic i saber situar-se en ell.<\/div>\n<div>2. Con\u00e8ixer conceptes essencials per moure&#8217;ns per la muntanya: nord, sud, est i oest.<\/div>\n<div>2. Comprendre la varietat de llegendes, dibuixos i simbologies en un mapa de muntanya.<\/div>\n<div>3. Pr\u00e0ctica exterior pels voltant del poble per cercar les valises que estaven amagades.<\/div>\n<div><\/div>\n<div>La veritat \u00e9s que els alumnes van xalar de valent i van aprendre molt sobre com situar-se i, a m\u00e9s, ens vam posar en forma, quina gran caminada que vam fer!<\/div>\n<div>Us compartim algunes imatges del dia d&#8217;ahir i aprofitem per donar les gr\u00e0cies al Josep Benaiges i Josep Fabregat, membres de la Junta de la Cameta Coixa, per la gran ajuda i el treball que van preparar i la coordinaci\u00f3 que hem fet durant tot aquest curs perqu\u00e8 aquest dia sort\u00eds rod\u00f3.<\/div>\n<div>Properament realitzarem una altre sortida per seguir treballant l&#8217;Orientaci\u00f3 per la muntanya. Seguim!<\/div>\n","protected":false},"excerpt":{"rendered":"<p>Aquest curs comencem a treballar un Projecte de col\u00b7laboraci\u00f3 amb l&#8217;Associaci\u00f3 la Cameta Coixa de Miravet. Des de l&#8217;\u00e0rea d&#8217;Educaci\u00f3 F\u00edsica, i tenint en compte el curr\u00edculum del Departament, treballarem l&#8217;Orientaci\u00f3 amb els alumnes amb el suport d&#8217;aquesta Associaci\u00f3. Durant aquest curs iniciarem aquest treball amb els alumnes de Cicle Mitj\u00e0 i Superior de l&#8217;escola [&hellip;]<\/p>\n","protected":false},"author":1,"featured_media":4986,"comment_status":"open","ping_status":"closed","sticky":false,"template":"","format":"standard","meta":{"_bbp_topic_count":0,"_bbp_reply_count":0,"_bbp_total_topic_count":0,"_bbp_total_reply_count":0,"_bbp_voice_count":0,"_bbp_anonymous_reply_count":0,"_bbp_topic_count_hidden":0,"_bbp_reply_count_hidden":0,"_bbp_forum_subforum_count":0,"site-sidebar-layout":"default","site-content-layout":"","ast-site-content-layout":"default","site-content-style":"default","site-sidebar-style":"default","ast-global-header-display":"","ast-banner-title-visibility":"","ast-main-header-display":"","ast-hfb-above-header-display":"","ast-hfb-below-header-display":"","ast-hfb-mobile-header-display":"","site-post-title":"","ast-breadcrumbs-content":"","ast-featured-img":"","footer-sml-layout":"","theme-transparent-header-meta":"default","adv-header-id-meta":"","stick-header-meta":"","header-above-stick-meta":"","header-main-stick-meta":"","header-below-stick-meta":"","astra-migrate-meta-layouts":"set","ast-page-background-enabled":"default","ast-page-background-meta":{"desktop":{"background-color":"var(--ast-global-color-4)","background-image":"","background-repeat":"repeat","background-position":"center center","background-size":"auto","background-attachment":"scroll","background-type":"","background-media":"","overlay-type":"","overlay-color":"","overlay-opacity":"","overlay-gradient":""},"tablet":{"background-color":"","background-image":"","background-repeat":"repeat","background-position":"center center","background-size":"auto","background-attachment":"scroll","background-type":"","background-media":"","overlay-type":"","overlay-color":"","overlay-opacity":"","overlay-gradient":""},"mobile":{"background-color":"","background-image":"","background-repeat":"repeat","background-position":"center center","background-size":"auto","background-attachment":"scroll","background-type":"","background-media":"","overlay-type":"","overlay-color":"","overlay-opacity":"","overlay-gradient":""}},"ast-content-background-meta":{"desktop":{"background-color":"var(--ast-global-color-5)","background-image":"","background-repeat":"repeat","background-position":"center center","background-size":"auto","background-attachment":"scroll","background-type":"","background-media":"","overlay-type":"","overlay-color":"","overlay-opacity":"","overlay-gradient":""},"tablet":{"background-color":"var(--ast-global-color-5)","background-image":"","background-repeat":"repeat","background-position":"center center","background-size":"auto","background-attachment":"scroll","background-type":"","background-media":"","overlay-type":"","overlay-color":"","overlay-opacity":"","overlay-gradient":""},"mobile":{"background-color":"var(--ast-global-color-5)","background-image":"","background-repeat":"repeat","background-position":"center center","background-size":"auto","background-attachment":"scroll","background-type":"","background-media":"","overlay-type":"","overlay-color":"","overlay-opacity":"","overlay-gradient":""}},"footnotes":""},"categories":[37,177,178,404,419,1,4,103],"tags":[],"class_list":["post-4985","post","type-post","status-publish","format-standard","has-post-thumbnail","hentry","category-activitats","category-ciclemitja","category-ciclesuperior","category-educacio-fisica","category-ens-orientem-amb-la-cameta-coixa","category-general","category-portada","category-salut"],"post_mailing_queue_ids":[],"_links":{"self":[{"href":"https:\/\/agora.xtec.cat\/ceipmiravet\/wp-json\/wp\/v2\/posts\/4985","targetHints":{"allow":["GET"]}}],"collection":[{"href":"https:\/\/agora.xtec.cat\/ceipmiravet\/wp-json\/wp\/v2\/posts"}],"about":[{"href":"https:\/\/agora.xtec.cat\/ceipmiravet\/wp-json\/wp\/v2\/types\/post"}],"author":[{"embeddable":true,"href":"https:\/\/agora.xtec.cat\/ceipmiravet\/wp-json\/wp\/v2\/users\/1"}],"replies":[{"embeddable":true,"href":"https:\/\/agora.xtec.cat\/ceipmiravet\/wp-json\/wp\/v2\/comments?post=4985"}],"version-history":[{"count":1,"href":"https:\/\/agora.xtec.cat\/ceipmiravet\/wp-json\/wp\/v2\/posts\/4985\/revisions"}],"predecessor-version":[{"id":4987,"href":"https:\/\/agora.xtec.cat\/ceipmiravet\/wp-json\/wp\/v2\/posts\/4985\/revisions\/4987"}],"wp:featuredmedia":[{"embeddable":true,"href":"https:\/\/agora.xtec.cat\/ceipmiravet\/wp-json\/wp\/v2\/media\/4986"}],"wp:attachment":[{"href":"https:\/\/agora.xtec.cat\/ceipmiravet\/wp-json\/wp\/v2\/media?parent=4985"}],"wp:term":[{"taxonomy":"category","embeddable":true,"href":"https:\/\/agora.xtec.cat\/ceipmiravet\/wp-json\/wp\/v2\/categories?post=4985"},{"taxonomy":"post_tag","embeddable":true,"href":"https:\/\/agora.xtec.cat\/ceipmiravet\/wp-json\/wp\/v2\/tags?post=4985"}],"curies":[{"name":"wp","href":"https:\/\/api.w.org\/{rel}","templated":true}]}}