{"id":2790,"date":"2019-09-16T17:28:41","date_gmt":"2019-09-16T15:28:41","guid":{"rendered":"http:\/\/agora.xtec.cat\/ceipmiravet\/?p=2790"},"modified":"2020-10-30T16:26:01","modified_gmt":"2020-10-30T15:26:01","slug":"calendari-trimestral-octubre-desembre-2019","status":"publish","type":"post","link":"https:\/\/agora.xtec.cat\/ceipmiravet\/ampa\/calendari-trimestral-octubre-desembre-2019\/","title":{"rendered":"Calendari trimestral OCTUBRE &#8211; DESEMBRE 2019"},"content":{"rendered":"<p>Per millorar la comunicaci\u00f3 amb les fam\u00edlies de l&#8217;escola, la participaci\u00f3 i la col\u00b7laboraci\u00f3, des de l&#8217;AMPA entregarem un calendari trimestral amb les activitats que es realitzaran durant aquests mesos.<\/p>\n<p>Aquest \u00e9s el calendari d&#8217;aquest primer trimestre amb totes les activitats<!--more--><\/p>\n<p><a href=\"https:\/\/agora.xtec.cat\/ceipmiravet\/wp-content\/uploads\/usu529\/2019\/11\/Calendari-activitats-primer-trimestre-curs-2019-2020_page-0001.jpg\"><img loading=\"lazy\" decoding=\"async\" class=\"alignnone size-large wp-image-2792\" src=\"https:\/\/agora.xtec.cat\/ceipmiravet\/wp-content\/uploads\/usu529\/2019\/11\/Calendari-activitats-primer-trimestre-curs-2019-2020_page-0001-1024x724.jpg\" alt=\"\" width=\"1024\" height=\"724\" srcset=\"https:\/\/agora.xtec.cat\/ceipmiravet\/wp-content\/uploads\/usu529\/2019\/11\/Calendari-activitats-primer-trimestre-curs-2019-2020_page-0001-1024x724.jpg 1024w, https:\/\/agora.xtec.cat\/ceipmiravet\/wp-content\/uploads\/usu529\/2019\/11\/Calendari-activitats-primer-trimestre-curs-2019-2020_page-0001-300x212.jpg 300w, https:\/\/agora.xtec.cat\/ceipmiravet\/wp-content\/uploads\/usu529\/2019\/11\/Calendari-activitats-primer-trimestre-curs-2019-2020_page-0001-768x543.jpg 768w, https:\/\/agora.xtec.cat\/ceipmiravet\/wp-content\/uploads\/usu529\/2019\/11\/Calendari-activitats-primer-trimestre-curs-2019-2020_page-0001.jpg 1755w\" sizes=\"auto, (max-width: 1024px) 100vw, 1024px\" \/><\/a><\/p>\n<p><a href=\"https:\/\/agora.xtec.cat\/ceipmiravet\/wp-content\/uploads\/usu529\/2019\/11\/Calendari-activitats-primer-trimestre-curs-2019-2020.pdf\">Calendari activitats primer trimestre curs 2019-2020<\/a><\/p>\n<p>&nbsp;<\/p>\n","protected":false},"excerpt":{"rendered":"<p>Per millorar la comunicaci\u00f3 amb les fam\u00edlies de l&#8217;escola, la participaci\u00f3 i la col\u00b7laboraci\u00f3, des de l&#8217;AMPA entregarem un calendari trimestral amb les activitats que es realitzaran durant aquests mesos. Aquest \u00e9s el calendari d&#8217;aquest primer trimestre amb totes les activitats<\/p>\n","protected":false},"author":1,"featured_media":2794,"comment_status":"open","ping_status":"closed","sticky":false,"template":"","format":"standard","meta":{"_bbp_topic_count":0,"_bbp_reply_count":0,"_bbp_total_topic_count":0,"_bbp_total_reply_count":0,"_bbp_voice_count":0,"_bbp_anonymous_reply_count":0,"_bbp_topic_count_hidden":0,"_bbp_reply_count_hidden":0,"_bbp_forum_subforum_count":0,"site-sidebar-layout":"default","site-content-layout":"","ast-site-content-layout":"","site-content-style":"default","site-sidebar-style":"default","ast-global-header-display":"","ast-banner-title-visibility":"","ast-main-header-display":"","ast-hfb-above-header-display":"","ast-hfb-below-header-display":"","ast-hfb-mobile-header-display":"","site-post-title":"","ast-breadcrumbs-content":"","ast-featured-img":"","footer-sml-layout":"","theme-transparent-header-meta":"","adv-header-id-meta":"","stick-header-meta":"","header-above-stick-meta":"","header-main-stick-meta":"","header-below-stick-meta":"","astra-migrate-meta-layouts":"default","ast-page-background-enabled":"default","ast-page-background-meta":{"desktop":{"background-color":"var(--ast-global-color-4)","background-image":"","background-repeat":"repeat","background-position":"center center","background-size":"auto","background-attachment":"scroll","background-type":"","background-media":"","overlay-type":"","overlay-color":"","overlay-opacity":"","overlay-gradient":""},"tablet":{"background-color":"","background-image":"","background-repeat":"repeat","background-position":"center center","background-size":"auto","background-attachment":"scroll","background-type":"","background-media":"","overlay-type":"","overlay-color":"","overlay-opacity":"","overlay-gradient":""},"mobile":{"background-color":"","background-image":"","background-repeat":"repeat","background-position":"center center","background-size":"auto","background-attachment":"scroll","background-type":"","background-media":"","overlay-type":"","overlay-color":"","overlay-opacity":"","overlay-gradient":""}},"ast-content-background-meta":{"desktop":{"background-color":"var(--ast-global-color-5)","background-image":"","background-repeat":"repeat","background-position":"center center","background-size":"auto","background-attachment":"scroll","background-type":"","background-media":"","overlay-type":"","overlay-color":"","overlay-opacity":"","overlay-gradient":""},"tablet":{"background-color":"var(--ast-global-color-5)","background-image":"","background-repeat":"repeat","background-position":"center center","background-size":"auto","background-attachment":"scroll","background-type":"","background-media":"","overlay-type":"","overlay-color":"","overlay-opacity":"","overlay-gradient":""},"mobile":{"background-color":"var(--ast-global-color-5)","background-image":"","background-repeat":"repeat","background-position":"center center","background-size":"auto","background-attachment":"scroll","background-type":"","background-media":"","overlay-type":"","overlay-color":"","overlay-opacity":"","overlay-gradient":""}},"footnotes":""},"categories":[279],"tags":[142,278],"class_list":["post-2790","post","type-post","status-publish","format-standard","has-post-thumbnail","hentry","category-ampa","tag-ampa","tag-families"],"post_mailing_queue_ids":[],"_links":{"self":[{"href":"https:\/\/agora.xtec.cat\/ceipmiravet\/wp-json\/wp\/v2\/posts\/2790","targetHints":{"allow":["GET"]}}],"collection":[{"href":"https:\/\/agora.xtec.cat\/ceipmiravet\/wp-json\/wp\/v2\/posts"}],"about":[{"href":"https:\/\/agora.xtec.cat\/ceipmiravet\/wp-json\/wp\/v2\/types\/post"}],"author":[{"embeddable":true,"href":"https:\/\/agora.xtec.cat\/ceipmiravet\/wp-json\/wp\/v2\/users\/1"}],"replies":[{"embeddable":true,"href":"https:\/\/agora.xtec.cat\/ceipmiravet\/wp-json\/wp\/v2\/comments?post=2790"}],"version-history":[{"count":3,"href":"https:\/\/agora.xtec.cat\/ceipmiravet\/wp-json\/wp\/v2\/posts\/2790\/revisions"}],"predecessor-version":[{"id":3513,"href":"https:\/\/agora.xtec.cat\/ceipmiravet\/wp-json\/wp\/v2\/posts\/2790\/revisions\/3513"}],"wp:featuredmedia":[{"embeddable":true,"href":"https:\/\/agora.xtec.cat\/ceipmiravet\/wp-json\/wp\/v2\/media\/2794"}],"wp:attachment":[{"href":"https:\/\/agora.xtec.cat\/ceipmiravet\/wp-json\/wp\/v2\/media?parent=2790"}],"wp:term":[{"taxonomy":"category","embeddable":true,"href":"https:\/\/agora.xtec.cat\/ceipmiravet\/wp-json\/wp\/v2\/categories?post=2790"},{"taxonomy":"post_tag","embeddable":true,"href":"https:\/\/agora.xtec.cat\/ceipmiravet\/wp-json\/wp\/v2\/tags?post=2790"}],"curies":[{"name":"wp","href":"https:\/\/api.w.org\/{rel}","templated":true}]}}