{"id":924,"date":"2017-03-01T13:00:18","date_gmt":"2017-03-01T12:00:18","guid":{"rendered":"http:\/\/agora.xtec.cat\/ceipmiquelgranell\/?p=924"},"modified":"2017-03-08T09:08:08","modified_gmt":"2017-03-08T08:08:08","slug":"celebracio-del-dia-internacional-de-les-llengues-maternes","status":"publish","type":"post","link":"https:\/\/agora.xtec.cat\/ceipmiquelgranell\/general\/celebracio-del-dia-internacional-de-les-llengues-maternes\/","title":{"rendered":"Celebraci\u00f3 del Dia Internacional de les Lleng\u00fces Maternes"},"content":{"rendered":"<p>El dia 21 de febrer a les 18:30 va tenir lloc la celebraci\u00f3 de la \u00abDiada internacional de les lleng\u00fces maternes\u00bb a la biblioteca comarcal Sebasti\u00e0 Juan Arb\u00f3. L\u2019escola Miquel Granell hi va estar present per explicar de quina manera el nostre alumnat treballa les lleng\u00fces maternes a l\u2019escola. Es tracta d\u2019una celebraci\u00f3 anual on l\u2019alumnat de 5<sup>\u00e8<\/sup> nivell cada any hi participa amb una tem\u00e0tica diferent. Enguany, la recerca es va focalitzar en una llengua que va despertar molta curiositat en l\u2019alumnat per la quantitat de parlants que hi ha al m\u00f3n (1.200 milions). Es tracta de la llengua xinesa. Un cop elegit el tema, els nens i nenes van buscar informaci\u00f3 sobre la quantitat de parlants, llocs on es parla, caracter\u00edstiques principals, etc. Amb la informaci\u00f3 obtinguda i organitzada, cada alumne\/a\u00a0 va elaborar un dossier. Fins aqu\u00ed ja ten\u00edem la part te\u00f2rica per\u00f2 hi mancava la part m\u00e9s art\u00edstica, per la qual cosa, es va buscar un objecte que fos representatiu i tradicional de la cultura xinesa. Van decidir que un ventall era molt escaient i cadasc\u00fa va decorar un ventall de paper al seu gust on hi va fer constar el seu nom en catal\u00e0 i en xin\u00e8s, amb l\u2019ajut d\u2019un traductor de noms al xin\u00e8s. En un primer moment es va pensar de copiar el nom per\u00f2 atesa la dificultat que presenten els car\u00e0cters xinesos, aviat es va decidir imprimir els noms i resseguir-los, la qual cosa va resultar bastant m\u00e9s senzilla.<\/p>\n<p>Un cop es va disposar de tot aquest material, es va confeccionar un mural amb el cap d\u2019una noia xinesa on s\u2019hi van enganxar alguns dels ventalls i un dossier perqu\u00e8 es vei\u00e9s representat el treball que l\u2019alumnat havia realitzat amb motiu de la celebraci\u00f3 de la \u00abDiada de les lleng\u00fces maternes\u00bb.<\/p>\n<p>El mural es va traslladar a la biblioteca comarcal on, juntament amb treballs d\u2019altres centres, es va exposar el dia de la celebraci\u00f3. A l\u2019acte, hi havia una representaci\u00f3 de cada centre i de cada entitat relacionada amb les lleng\u00fces maternes. En el cas de la nostra escola, hi va haver la intervenci\u00f3 de la coordinadora LIC, M. Jos\u00e9 Roda, per donar a con\u00e8ixer el treball realitzat per l\u2019alumnat de 5<sup>\u00e8<\/sup> amb motiu d\u2019aquesta celebraci\u00f3.<\/p>\n<p>Cal dir que per l\u2019elaboraci\u00f3 d\u2019aquest treball es va comptar amb la participaci\u00f3 de l\u2019alumnat de 5<sup>\u00e8<\/sup> i la col\u00b7laboraci\u00f3 de la mestra d\u2019inform\u00e0tica, els tutors, la mestra de pl\u00e0stica i la coordinadora LIC del centre.<\/p>\n<p>&nbsp;<\/p>\n\n","protected":false},"excerpt":{"rendered":"<p>El dia 21 de febrer a les 18:30 va tenir lloc la celebraci\u00f3 de la \u00abDiada internacional de les lleng\u00fces maternes\u00bb a la biblioteca comarcal Sebasti\u00e0 Juan Arb\u00f3. L\u2019escola Miquel Granell hi va estar present per explicar de quina manera el nostre alumnat treballa les lleng\u00fces maternes a l\u2019escola.<\/p>\n","protected":false},"author":1,"featured_media":923,"comment_status":"open","ping_status":"open","sticky":false,"template":"","format":"standard","meta":{"_bbp_topic_count":0,"_bbp_reply_count":0,"_bbp_total_topic_count":0,"_bbp_total_reply_count":0,"_bbp_voice_count":0,"_bbp_anonymous_reply_count":0,"_bbp_topic_count_hidden":0,"_bbp_reply_count_hidden":0,"_bbp_forum_subforum_count":0,"site-sidebar-layout":"default","site-content-layout":"","ast-site-content-layout":"","site-content-style":"default","site-sidebar-style":"default","ast-global-header-display":"","ast-banner-title-visibility":"","ast-main-header-display":"","ast-hfb-above-header-display":"","ast-hfb-below-header-display":"","ast-hfb-mobile-header-display":"","site-post-title":"","ast-breadcrumbs-content":"","ast-featured-img":"","footer-sml-layout":"","theme-transparent-header-meta":"","adv-header-id-meta":"","stick-header-meta":"","header-above-stick-meta":"","header-main-stick-meta":"","header-below-stick-meta":"","astra-migrate-meta-layouts":"default","ast-page-background-enabled":"default","ast-page-background-meta":{"desktop":{"background-color":"var(--ast-global-color-4)","background-image":"","background-repeat":"repeat","background-position":"center center","background-size":"auto","background-attachment":"scroll","background-type":"","background-media":"","overlay-type":"","overlay-color":"","overlay-opacity":"","overlay-gradient":""},"tablet":{"background-color":"","background-image":"","background-repeat":"repeat","background-position":"center center","background-size":"auto","background-attachment":"scroll","background-type":"","background-media":"","overlay-type":"","overlay-color":"","overlay-opacity":"","overlay-gradient":""},"mobile":{"background-color":"","background-image":"","background-repeat":"repeat","background-position":"center center","background-size":"auto","background-attachment":"scroll","background-type":"","background-media":"","overlay-type":"","overlay-color":"","overlay-opacity":"","overlay-gradient":""}},"ast-content-background-meta":{"desktop":{"background-color":"var(--ast-global-color-5)","background-image":"","background-repeat":"repeat","background-position":"center center","background-size":"auto","background-attachment":"scroll","background-type":"","background-media":"","overlay-type":"","overlay-color":"","overlay-opacity":"","overlay-gradient":""},"tablet":{"background-color":"var(--ast-global-color-5)","background-image":"","background-repeat":"repeat","background-position":"center center","background-size":"auto","background-attachment":"scroll","background-type":"","background-media":"","overlay-type":"","overlay-color":"","overlay-opacity":"","overlay-gradient":""},"mobile":{"background-color":"var(--ast-global-color-5)","background-image":"","background-repeat":"repeat","background-position":"center center","background-size":"auto","background-attachment":"scroll","background-type":"","background-media":"","overlay-type":"","overlay-color":"","overlay-opacity":"","overlay-gradient":""}},"footnotes":""},"categories":[57,14,1,4,5],"tags":[104],"class_list":["post-924","post","type-post","status-publish","format-standard","has-post-thumbnail","hentry","category-curs16-17","category-5e","category-general","category-portada","category-primaria","tag-biblioteca"],"post_mailing_queue_ids":[],"_links":{"self":[{"href":"https:\/\/agora.xtec.cat\/ceipmiquelgranell\/wp-json\/wp\/v2\/posts\/924","targetHints":{"allow":["GET"]}}],"collection":[{"href":"https:\/\/agora.xtec.cat\/ceipmiquelgranell\/wp-json\/wp\/v2\/posts"}],"about":[{"href":"https:\/\/agora.xtec.cat\/ceipmiquelgranell\/wp-json\/wp\/v2\/types\/post"}],"author":[{"embeddable":true,"href":"https:\/\/agora.xtec.cat\/ceipmiquelgranell\/wp-json\/wp\/v2\/users\/1"}],"replies":[{"embeddable":true,"href":"https:\/\/agora.xtec.cat\/ceipmiquelgranell\/wp-json\/wp\/v2\/comments?post=924"}],"version-history":[{"count":3,"href":"https:\/\/agora.xtec.cat\/ceipmiquelgranell\/wp-json\/wp\/v2\/posts\/924\/revisions"}],"predecessor-version":[{"id":934,"href":"https:\/\/agora.xtec.cat\/ceipmiquelgranell\/wp-json\/wp\/v2\/posts\/924\/revisions\/934"}],"wp:featuredmedia":[{"embeddable":true,"href":"https:\/\/agora.xtec.cat\/ceipmiquelgranell\/wp-json\/wp\/v2\/media\/923"}],"wp:attachment":[{"href":"https:\/\/agora.xtec.cat\/ceipmiquelgranell\/wp-json\/wp\/v2\/media?parent=924"}],"wp:term":[{"taxonomy":"category","embeddable":true,"href":"https:\/\/agora.xtec.cat\/ceipmiquelgranell\/wp-json\/wp\/v2\/categories?post=924"},{"taxonomy":"post_tag","embeddable":true,"href":"https:\/\/agora.xtec.cat\/ceipmiquelgranell\/wp-json\/wp\/v2\/tags?post=924"}],"curies":[{"name":"wp","href":"https:\/\/api.w.org\/{rel}","templated":true}]}}