{"id":7839,"date":"2022-04-04T10:15:50","date_gmt":"2022-04-04T08:15:50","guid":{"rendered":"https:\/\/agora.xtec.cat\/ceipmiquelgranell\/?p=7839"},"modified":"2022-04-05T14:08:42","modified_gmt":"2022-04-05T12:08:42","slug":"concurs-de-lectura-en-veu-alta-semifinal-territorial","status":"publish","type":"post","link":"https:\/\/agora.xtec.cat\/ceipmiquelgranell\/general\/concurs-de-lectura-en-veu-alta-semifinal-territorial\/","title":{"rendered":"Concurs de lectura en veu alta (semifinal territorial)"},"content":{"rendered":"<p><img loading=\"lazy\" decoding=\"async\" class=\"wp-image-7841 alignleft\" src=\"https:\/\/agora.xtec.cat\/ceipmiquelgranell\/wp-content\/uploads\/usu1467\/2022\/04\/veualta-22-5-950x713.jpg\" alt=\"\" width=\"455\" height=\"342\" srcset=\"https:\/\/agora.xtec.cat\/ceipmiquelgranell\/wp-content\/uploads\/usu1467\/2022\/04\/veualta-22-5-950x713.jpg 950w, https:\/\/agora.xtec.cat\/ceipmiquelgranell\/wp-content\/uploads\/usu1467\/2022\/04\/veualta-22-5-400x300.jpg 400w, https:\/\/agora.xtec.cat\/ceipmiquelgranell\/wp-content\/uploads\/usu1467\/2022\/04\/veualta-22-5-768x576.jpg 768w, https:\/\/agora.xtec.cat\/ceipmiquelgranell\/wp-content\/uploads\/usu1467\/2022\/04\/veualta-22-5-1536x1152.jpg 1536w, https:\/\/agora.xtec.cat\/ceipmiquelgranell\/wp-content\/uploads\/usu1467\/2022\/04\/veualta-22-5-200x150.jpg 200w, https:\/\/agora.xtec.cat\/ceipmiquelgranell\/wp-content\/uploads\/usu1467\/2022\/04\/veualta-22-5.jpg 2048w\" sizes=\"auto, (max-width: 455px) 100vw, 455px\" \/><img loading=\"lazy\" decoding=\"async\" class=\"wp-image-7842 alignleft\" src=\"https:\/\/agora.xtec.cat\/ceipmiquelgranell\/wp-content\/uploads\/usu1467\/2022\/04\/veualta-22-6-950x713.jpg\" alt=\"\" width=\"452\" height=\"340\" srcset=\"https:\/\/agora.xtec.cat\/ceipmiquelgranell\/wp-content\/uploads\/usu1467\/2022\/04\/veualta-22-6-950x713.jpg 950w, https:\/\/agora.xtec.cat\/ceipmiquelgranell\/wp-content\/uploads\/usu1467\/2022\/04\/veualta-22-6-400x300.jpg 400w, https:\/\/agora.xtec.cat\/ceipmiquelgranell\/wp-content\/uploads\/usu1467\/2022\/04\/veualta-22-6-768x576.jpg 768w, https:\/\/agora.xtec.cat\/ceipmiquelgranell\/wp-content\/uploads\/usu1467\/2022\/04\/veualta-22-6-1536x1152.jpg 1536w, https:\/\/agora.xtec.cat\/ceipmiquelgranell\/wp-content\/uploads\/usu1467\/2022\/04\/veualta-22-6-200x150.jpg 200w, https:\/\/agora.xtec.cat\/ceipmiquelgranell\/wp-content\/uploads\/usu1467\/2022\/04\/veualta-22-6.jpg 2048w\" sizes=\"auto, (max-width: 452px) 100vw, 452px\" \/><\/p>\n<p>&nbsp;<\/p>\n<p>&nbsp;<\/p>\n<p>&nbsp;<\/p>\n<p>&nbsp;<\/p>\n<p>&nbsp;<\/p>\n<p>&nbsp;<\/p>\n<p>&nbsp;<\/p>\n<p>&nbsp;<\/p>\n<p style=\"text-align: justify;\">El passat dijous 31 de mar\u00e7 de 2022 i com ja \u00e9s habitual de cada any, alumnes de la nostra escola van participar en el XVIII Concurs de Lectura en Veu Alta que es va celebrar a la Sala d&#8217;actes dels Serveis Territorials del Departament d&#8217;Educaci\u00f3 de Tortosa.<\/p>\n<p style=\"text-align: justify;\"><span style=\"font-family: Arial, sans-serif;\">Es tractava de la fase semifinal, i l&#8217;alumnat escollit per representar l&#8217;escola van ser:<\/span><\/p>\n<p style=\"text-align: justify;\"><span style=\"font-family: Arial, sans-serif;\">En la categoria grumets vermells (alumnes de Cicle Mitj\u00e0) &#8211; <strong>Aritz Urquizu<\/strong> i en la categoria grumets verds (alumnes de Cicle Superior) &#8211; <strong>Aina Gonzalez<\/strong>. <\/span><span style=\"font-family: Arial, sans-serif;\">Ambd\u00f3s van fer un gran paper i a m\u00e9s a m\u00e9s Aritz va guanyar la seva semifinal i passar\u00e0 a la fase territorial que tindr\u00e0 lloc a finals d&#8217;abril o principis de maig al Teatre Auditori Felip Pedrell de Tortosa.<\/span><\/p>\n<p style=\"text-align: justify;\"><span style=\"font-family: Arial, sans-serif;\">Si voleu veure com ho van fer us adjuntem el seg\u00fcent enlla\u00e7: <\/span><strong>\u00a0<u><a href=\"https:\/\/eur03.safelinks.protection.outlook.com\/?url=https%3A%2F%2Fwww.youtube.com%2Fwatch%3Fv%3Dt3RiJ1HQl-o&amp;data=04%7C01%7Ccecilia.valls%40gencat.cat%7C79d6cc61692b4c8754c508da07efd553%7C3b9427dcd30e43bc8c06ff7253676fec%7C1%7C0%7C637831023891202026%7CUnknown%7CTWFpbGZsb3d8eyJWIjoiMC4wLjAwMDAiLCJQIjoiV2luMzIiLCJBTiI6Ik1haWwiLCJXVCI6Mn0%3D%7C3000&amp;sdata=SKv2iS7aTnMyiibqhWaAoB2q%2BGfWExFv1bKF2aZBkL0%3D&amp;reserved=0\" target=\"_blank\" rel=\"noopener noreferrer\" data-saferedirecturl=\"https:\/\/www.google.com\/url?q=https:\/\/eur03.safelinks.protection.outlook.com\/?url%3Dhttps%253A%252F%252Fwww.youtube.com%252Fwatch%253Fv%253Dt3RiJ1HQl-o%26data%3D04%257C01%257Ccecilia.valls%2540gencat.cat%257C79d6cc61692b4c8754c508da07efd553%257C3b9427dcd30e43bc8c06ff7253676fec%257C1%257C0%257C637831023891202026%257CUnknown%257CTWFpbGZsb3d8eyJWIjoiMC4wLjAwMDAiLCJQIjoiV2luMzIiLCJBTiI6Ik1haWwiLCJXVCI6Mn0%253D%257C3000%26sdata%3DSKv2iS7aTnMyiibqhWaAoB2q%252BGfWExFv1bKF2aZBkL0%253D%26reserved%3D0&amp;source=gmail&amp;ust=1649145402113000&amp;usg=AOvVaw3UcsUUNspb_lKVLoFXGP2_\">Certamen Lectura en Veu Alta \u2013 31\/03\/2022<\/a><\/u><\/strong><\/p>\n<h5 style=\"text-align: center;\">Un cop m\u00e9s ens han demostrat la import\u00e0ncia de la lectura!!!<\/h5>\n<p><img loading=\"lazy\" decoding=\"async\" class=\"aligncenter wp-image-7843\" src=\"https:\/\/agora.xtec.cat\/ceipmiquelgranell\/wp-content\/uploads\/usu1467\/2022\/04\/veualta-22-1-713x950.jpg\" alt=\"\" width=\"532\" height=\"708\" srcset=\"https:\/\/agora.xtec.cat\/ceipmiquelgranell\/wp-content\/uploads\/usu1467\/2022\/04\/veualta-22-1-713x950.jpg 713w, https:\/\/agora.xtec.cat\/ceipmiquelgranell\/wp-content\/uploads\/usu1467\/2022\/04\/veualta-22-1-300x400.jpg 300w, https:\/\/agora.xtec.cat\/ceipmiquelgranell\/wp-content\/uploads\/usu1467\/2022\/04\/veualta-22-1-768x1024.jpg 768w, https:\/\/agora.xtec.cat\/ceipmiquelgranell\/wp-content\/uploads\/usu1467\/2022\/04\/veualta-22-1-1152x1536.jpg 1152w, https:\/\/agora.xtec.cat\/ceipmiquelgranell\/wp-content\/uploads\/usu1467\/2022\/04\/veualta-22-1.jpg 1536w\" sizes=\"auto, (max-width: 532px) 100vw, 532px\" \/><\/p>\n<p style=\"text-align: justify;\">Els companys i companyes de l&#8217;alumnat representant van romandre durant l&#8217;hora del pati a les aules per poder veure l&#8217;esdeveniment en directe, tot demostrant que l&#8217;acte era motiu d&#8217;orgull de classe i tamb\u00e9 de tota l&#8217;escola.<\/p>\n<p><img loading=\"lazy\" decoding=\"async\" class=\"aligncenter wp-image-7840\" src=\"https:\/\/agora.xtec.cat\/ceipmiquelgranell\/wp-content\/uploads\/usu1467\/2022\/04\/veualta-22-3-950x438.jpg\" alt=\"\" width=\"681\" height=\"314\" data-wp-editing=\"1\" srcset=\"https:\/\/agora.xtec.cat\/ceipmiquelgranell\/wp-content\/uploads\/usu1467\/2022\/04\/veualta-22-3-950x438.jpg 950w, https:\/\/agora.xtec.cat\/ceipmiquelgranell\/wp-content\/uploads\/usu1467\/2022\/04\/veualta-22-3-400x185.jpg 400w, https:\/\/agora.xtec.cat\/ceipmiquelgranell\/wp-content\/uploads\/usu1467\/2022\/04\/veualta-22-3-768x354.jpg 768w, https:\/\/agora.xtec.cat\/ceipmiquelgranell\/wp-content\/uploads\/usu1467\/2022\/04\/veualta-22-3-1536x709.jpg 1536w, https:\/\/agora.xtec.cat\/ceipmiquelgranell\/wp-content\/uploads\/usu1467\/2022\/04\/veualta-22-3.jpg 1684w\" sizes=\"auto, (max-width: 681px) 100vw, 681px\" \/><\/p>\n","protected":false},"excerpt":{"rendered":"<p>&nbsp; &nbsp; &nbsp; &nbsp; &nbsp; &nbsp; &nbsp; &nbsp; El passat dijous 31 de mar\u00e7 de 2022 i com ja \u00e9s [&hellip;]<\/p>\n","protected":false},"author":1,"featured_media":7843,"comment_status":"closed","ping_status":"closed","sticky":false,"template":"","format":"standard","meta":{"_bbp_topic_count":0,"_bbp_reply_count":0,"_bbp_total_topic_count":0,"_bbp_total_reply_count":0,"_bbp_voice_count":0,"_bbp_anonymous_reply_count":0,"_bbp_topic_count_hidden":0,"_bbp_reply_count_hidden":0,"_bbp_forum_subforum_count":0,"site-sidebar-layout":"default","site-content-layout":"","ast-site-content-layout":"","site-content-style":"default","site-sidebar-style":"default","ast-global-header-display":"","ast-banner-title-visibility":"","ast-main-header-display":"","ast-hfb-above-header-display":"","ast-hfb-below-header-display":"","ast-hfb-mobile-header-display":"","site-post-title":"","ast-breadcrumbs-content":"","ast-featured-img":"","footer-sml-layout":"","theme-transparent-header-meta":"","adv-header-id-meta":"","stick-header-meta":"","header-above-stick-meta":"","header-main-stick-meta":"","header-below-stick-meta":"","astra-migrate-meta-layouts":"default","ast-page-background-enabled":"default","ast-page-background-meta":{"desktop":{"background-color":"var(--ast-global-color-4)","background-image":"","background-repeat":"repeat","background-position":"center center","background-size":"auto","background-attachment":"scroll","background-type":"","background-media":"","overlay-type":"","overlay-color":"","overlay-opacity":"","overlay-gradient":""},"tablet":{"background-color":"","background-image":"","background-repeat":"repeat","background-position":"center center","background-size":"auto","background-attachment":"scroll","background-type":"","background-media":"","overlay-type":"","overlay-color":"","overlay-opacity":"","overlay-gradient":""},"mobile":{"background-color":"","background-image":"","background-repeat":"repeat","background-position":"center center","background-size":"auto","background-attachment":"scroll","background-type":"","background-media":"","overlay-type":"","overlay-color":"","overlay-opacity":"","overlay-gradient":""}},"ast-content-background-meta":{"desktop":{"background-color":"var(--ast-global-color-5)","background-image":"","background-repeat":"repeat","background-position":"center center","background-size":"auto","background-attachment":"scroll","background-type":"","background-media":"","overlay-type":"","overlay-color":"","overlay-opacity":"","overlay-gradient":""},"tablet":{"background-color":"var(--ast-global-color-5)","background-image":"","background-repeat":"repeat","background-position":"center center","background-size":"auto","background-attachment":"scroll","background-type":"","background-media":"","overlay-type":"","overlay-color":"","overlay-opacity":"","overlay-gradient":""},"mobile":{"background-color":"var(--ast-global-color-5)","background-image":"","background-repeat":"repeat","background-position":"center center","background-size":"auto","background-attachment":"scroll","background-type":"","background-media":"","overlay-type":"","overlay-color":"","overlay-opacity":"","overlay-gradient":""}},"footnotes":""},"categories":[272,13,15,1,4],"tags":[303],"class_list":["post-7839","post","type-post","status-publish","format-standard","has-post-thumbnail","hentry","category-curs21-22","category-4t","category-6e","category-general","category-portada","tag-lectura-en-veu-alta"],"post_mailing_queue_ids":[],"_links":{"self":[{"href":"https:\/\/agora.xtec.cat\/ceipmiquelgranell\/wp-json\/wp\/v2\/posts\/7839","targetHints":{"allow":["GET"]}}],"collection":[{"href":"https:\/\/agora.xtec.cat\/ceipmiquelgranell\/wp-json\/wp\/v2\/posts"}],"about":[{"href":"https:\/\/agora.xtec.cat\/ceipmiquelgranell\/wp-json\/wp\/v2\/types\/post"}],"author":[{"embeddable":true,"href":"https:\/\/agora.xtec.cat\/ceipmiquelgranell\/wp-json\/wp\/v2\/users\/1"}],"replies":[{"embeddable":true,"href":"https:\/\/agora.xtec.cat\/ceipmiquelgranell\/wp-json\/wp\/v2\/comments?post=7839"}],"version-history":[{"count":3,"href":"https:\/\/agora.xtec.cat\/ceipmiquelgranell\/wp-json\/wp\/v2\/posts\/7839\/revisions"}],"predecessor-version":[{"id":7846,"href":"https:\/\/agora.xtec.cat\/ceipmiquelgranell\/wp-json\/wp\/v2\/posts\/7839\/revisions\/7846"}],"wp:featuredmedia":[{"embeddable":true,"href":"https:\/\/agora.xtec.cat\/ceipmiquelgranell\/wp-json\/wp\/v2\/media\/7843"}],"wp:attachment":[{"href":"https:\/\/agora.xtec.cat\/ceipmiquelgranell\/wp-json\/wp\/v2\/media?parent=7839"}],"wp:term":[{"taxonomy":"category","embeddable":true,"href":"https:\/\/agora.xtec.cat\/ceipmiquelgranell\/wp-json\/wp\/v2\/categories?post=7839"},{"taxonomy":"post_tag","embeddable":true,"href":"https:\/\/agora.xtec.cat\/ceipmiquelgranell\/wp-json\/wp\/v2\/tags?post=7839"}],"curies":[{"name":"wp","href":"https:\/\/api.w.org\/{rel}","templated":true}]}}