{"id":6872,"date":"2021-04-12T18:08:43","date_gmt":"2021-04-12T16:08:43","guid":{"rendered":"http:\/\/agora.xtec.cat\/ceipmiquelgranell\/?p=6872"},"modified":"2021-04-12T18:11:08","modified_gmt":"2021-04-12T16:11:08","slug":"participem-al-llegim-amposta-2021","status":"publish","type":"post","link":"https:\/\/agora.xtec.cat\/ceipmiquelgranell\/general\/participem-al-llegim-amposta-2021\/","title":{"rendered":"Participem al &#8220;#llegimAmposta2021Prim\u00e0ria&#8221;"},"content":{"rendered":"<p>Aquestes s\u00f3n les fotografies i creacions que enviem al concurs #LlegimAmposta2021.<\/p>\n<p>Aqu\u00ed teniu el nom que s&#8217;ha donat a les fotografies (<strong>enlla\u00e7 a l&#8217;arxiu original<\/strong>) i despr\u00e9s un format de presentaci\u00f3 amb la fotografia (no podem penjar la foto original perqu\u00e8 la seua mida \u00e9s major a l&#8217;acceptada per la nostra web).<\/p>\n<h3 style=\"text-align: center;\"><a href=\"https:\/\/drive.google.com\/file\/d\/1r9n0RtE5TtLBAianUJr6DWmQE89jrNNZ\/view?usp=sharing\">Raconet de lectura<\/a><\/h3>\n<p style=\"text-align: center;\"><iframe loading=\"lazy\" src=\"https:\/\/docs.google.com\/presentation\/d\/e\/2PACX-1vR-IGWINw6WdI7lcnQ5md8rW7KMPH5VVx0XAWywx9rtkk-WNi6o4BjVDQOgCSH4m6Pcvby93ehEecoU\/embed?start=false&amp;loop=false&amp;delayms=3000\" width=\"960\" height=\"569\" frameborder=\"0\"><\/iframe><\/p>\n<h3 style=\"text-align: center;\"><a href=\"https:\/\/drive.google.com\/file\/d\/1mHVExTNqg-iQ40x16RreWmh9kbCwaJq7\/view?usp=sharing\">Cultivant la lectura<\/a><\/h3>\n<p style=\"text-align: center;\"><iframe loading=\"lazy\" src=\"https:\/\/docs.google.com\/presentation\/d\/e\/2PACX-1vSFzgU-8mswAv7jeaNx-P7EMEJ9avZOJHylinq3uUt-eX19LpTeL7H2-9FrpvR_O6jPxj0MIuEeQiqT\/embed?start=false&amp;loop=false&amp;delayms=3000\" width=\"960\" height=\"569\" frameborder=\"0\"><\/iframe><\/p>\n<h3 style=\"text-align: center;\"><a href=\"https:\/\/drive.google.com\/file\/d\/1808x91wZ2e9fLr2Q3uN7Zi3VRanXuh9m\/view?usp=sharing\">Part de les hist\u00f2ries<\/a><\/h3>\n<p style=\"text-align: center;\"><iframe loading=\"lazy\" src=\"https:\/\/docs.google.com\/presentation\/d\/e\/2PACX-1vTpes58SFtO8traGKBRYxLSithSL0fWME6IDKR6zEXncR5GymAXpQ_3z0DMwsNp0TU_lwTUNJNWsVIG\/embed?start=false&amp;loop=false&amp;delayms=3000\" width=\"960\" height=\"569\" frameborder=\"0\"><\/iframe><\/p>\n<h3 style=\"text-align: center;\"><a href=\"https:\/\/drive.google.com\/file\/d\/1qPq00UnyMXWd31Z6z2vA9hicGPPP7DIM\/view?usp=sharing\">Sembrant h\u00e0bits<\/a><\/h3>\n<p style=\"text-align: center;\"><iframe loading=\"lazy\" src=\"https:\/\/docs.google.com\/presentation\/d\/e\/2PACX-1vTLZKSCC6Dxc5M0eDSIgMKYpXj9cboxRNxDKugcjLm-YpHygiUnPzor6akjhZFM50qzihBYLY3AZbHK\/embed?start=false&amp;loop=false&amp;delayms=3000\" width=\"960\" height=\"569\" frameborder=\"0\"><\/iframe><\/p>\n<p style=\"text-align: center;\">Participem a la categoria de centre de prim\u00e0ria.<\/p>\n<p class=\"western\" lang=\"ca-ES\" style=\"text-align: center;\"><b>#llegimAmposta20<\/b><b>2<\/b><b>1<\/b><b>Prim\u00e0ria<\/b><\/p>\n<p style=\"text-align: center;\"><a href=\"https:\/\/agora.xtec.cat\/ceipmiquelgranell\/wp-content\/uploads\/usu1467\/2021\/04\/Llegim-Amposta-2021.jpg\"><img loading=\"lazy\" decoding=\"async\" class=\"aligncenter wp-image-6873 size-thumbnail\" src=\"https:\/\/agora.xtec.cat\/ceipmiquelgranell\/wp-content\/uploads\/usu1467\/2021\/04\/Llegim-Amposta-2021-200x200.jpg\" alt=\"\" width=\"200\" height=\"200\" srcset=\"https:\/\/agora.xtec.cat\/ceipmiquelgranell\/wp-content\/uploads\/usu1467\/2021\/04\/Llegim-Amposta-2021-200x200.jpg 200w, https:\/\/agora.xtec.cat\/ceipmiquelgranell\/wp-content\/uploads\/usu1467\/2021\/04\/Llegim-Amposta-2021-400x400.jpg 400w, https:\/\/agora.xtec.cat\/ceipmiquelgranell\/wp-content\/uploads\/usu1467\/2021\/04\/Llegim-Amposta-2021-768x768.jpg 768w, https:\/\/agora.xtec.cat\/ceipmiquelgranell\/wp-content\/uploads\/usu1467\/2021\/04\/Llegim-Amposta-2021-950x950.jpg 950w\" sizes=\"auto, (max-width: 200px) 100vw, 200px\" \/><\/a><\/p>\n","protected":false},"excerpt":{"rendered":"<p>Aquestes s\u00f3n les fotografies i creacions que enviem al concurs #LlegimAmposta2021. Aqu\u00ed teniu el nom que s&#8217;ha donat a les [&hellip;]<\/p>\n","protected":false},"author":1,"featured_media":6873,"comment_status":"open","ping_status":"closed","sticky":false,"template":"","format":"standard","meta":{"_bbp_topic_count":0,"_bbp_reply_count":0,"_bbp_total_topic_count":0,"_bbp_total_reply_count":0,"_bbp_voice_count":0,"_bbp_anonymous_reply_count":0,"_bbp_topic_count_hidden":0,"_bbp_reply_count_hidden":0,"_bbp_forum_subforum_count":0,"site-sidebar-layout":"default","site-content-layout":"","ast-site-content-layout":"","site-content-style":"default","site-sidebar-style":"default","ast-global-header-display":"","ast-banner-title-visibility":"","ast-main-header-display":"","ast-hfb-above-header-display":"","ast-hfb-below-header-display":"","ast-hfb-mobile-header-display":"","site-post-title":"","ast-breadcrumbs-content":"","ast-featured-img":"","footer-sml-layout":"","theme-transparent-header-meta":"","adv-header-id-meta":"","stick-header-meta":"","header-above-stick-meta":"","header-main-stick-meta":"","header-below-stick-meta":"","astra-migrate-meta-layouts":"default","ast-page-background-enabled":"default","ast-page-background-meta":{"desktop":{"background-color":"var(--ast-global-color-4)","background-image":"","background-repeat":"repeat","background-position":"center center","background-size":"auto","background-attachment":"scroll","background-type":"","background-media":"","overlay-type":"","overlay-color":"","overlay-opacity":"","overlay-gradient":""},"tablet":{"background-color":"","background-image":"","background-repeat":"repeat","background-position":"center center","background-size":"auto","background-attachment":"scroll","background-type":"","background-media":"","overlay-type":"","overlay-color":"","overlay-opacity":"","overlay-gradient":""},"mobile":{"background-color":"","background-image":"","background-repeat":"repeat","background-position":"center center","background-size":"auto","background-attachment":"scroll","background-type":"","background-media":"","overlay-type":"","overlay-color":"","overlay-opacity":"","overlay-gradient":""}},"ast-content-background-meta":{"desktop":{"background-color":"var(--ast-global-color-5)","background-image":"","background-repeat":"repeat","background-position":"center center","background-size":"auto","background-attachment":"scroll","background-type":"","background-media":"","overlay-type":"","overlay-color":"","overlay-opacity":"","overlay-gradient":""},"tablet":{"background-color":"var(--ast-global-color-5)","background-image":"","background-repeat":"repeat","background-position":"center center","background-size":"auto","background-attachment":"scroll","background-type":"","background-media":"","overlay-type":"","overlay-color":"","overlay-opacity":"","overlay-gradient":""},"mobile":{"background-color":"var(--ast-global-color-5)","background-image":"","background-repeat":"repeat","background-position":"center center","background-size":"auto","background-attachment":"scroll","background-type":"","background-media":"","overlay-type":"","overlay-color":"","overlay-opacity":"","overlay-gradient":""}},"footnotes":""},"categories":[210,12,14,103,1,4,5],"tags":[104,254],"class_list":["post-6872","post","type-post","status-publish","format-standard","has-post-thumbnail","hentry","category-2020-2021","category-3r","category-5e","category-biblioteca","category-general","category-portada","category-primaria","tag-biblioteca","tag-llegim-amposta"],"post_mailing_queue_ids":[],"_links":{"self":[{"href":"https:\/\/agora.xtec.cat\/ceipmiquelgranell\/wp-json\/wp\/v2\/posts\/6872","targetHints":{"allow":["GET"]}}],"collection":[{"href":"https:\/\/agora.xtec.cat\/ceipmiquelgranell\/wp-json\/wp\/v2\/posts"}],"about":[{"href":"https:\/\/agora.xtec.cat\/ceipmiquelgranell\/wp-json\/wp\/v2\/types\/post"}],"author":[{"embeddable":true,"href":"https:\/\/agora.xtec.cat\/ceipmiquelgranell\/wp-json\/wp\/v2\/users\/1"}],"replies":[{"embeddable":true,"href":"https:\/\/agora.xtec.cat\/ceipmiquelgranell\/wp-json\/wp\/v2\/comments?post=6872"}],"version-history":[{"count":2,"href":"https:\/\/agora.xtec.cat\/ceipmiquelgranell\/wp-json\/wp\/v2\/posts\/6872\/revisions"}],"predecessor-version":[{"id":6875,"href":"https:\/\/agora.xtec.cat\/ceipmiquelgranell\/wp-json\/wp\/v2\/posts\/6872\/revisions\/6875"}],"wp:featuredmedia":[{"embeddable":true,"href":"https:\/\/agora.xtec.cat\/ceipmiquelgranell\/wp-json\/wp\/v2\/media\/6873"}],"wp:attachment":[{"href":"https:\/\/agora.xtec.cat\/ceipmiquelgranell\/wp-json\/wp\/v2\/media?parent=6872"}],"wp:term":[{"taxonomy":"category","embeddable":true,"href":"https:\/\/agora.xtec.cat\/ceipmiquelgranell\/wp-json\/wp\/v2\/categories?post=6872"},{"taxonomy":"post_tag","embeddable":true,"href":"https:\/\/agora.xtec.cat\/ceipmiquelgranell\/wp-json\/wp\/v2\/tags?post=6872"}],"curies":[{"name":"wp","href":"https:\/\/api.w.org\/{rel}","templated":true}]}}