{"id":10222,"date":"2026-03-23T10:22:32","date_gmt":"2026-03-23T09:22:32","guid":{"rendered":"https:\/\/agora.xtec.cat\/ceipmiquelgranell\/?p=10222"},"modified":"2026-03-23T10:48:36","modified_gmt":"2026-03-23T09:48:36","slug":"lalumnat-de-cicle-superior-som-analistes-de-dades","status":"publish","type":"post","link":"https:\/\/agora.xtec.cat\/ceipmiquelgranell\/general\/lalumnat-de-cicle-superior-som-analistes-de-dades\/","title":{"rendered":"L&#8217;ALUMNAT DE CICLE SUPERIOR SOM ANALISTES DE DADES!"},"content":{"rendered":"\n<figure class=\"wp-block-embed is-type-video is-provider-youtube wp-block-embed-youtube wp-embed-aspect-16-9 wp-has-aspect-ratio\"><div class=\"wp-block-embed__wrapper\">\n<div class=\"ast-oembed-container \" style=\"height: 100%;\"><iframe loading=\"lazy\" title=\"Pensament computacional MG2\" width=\"500\" height=\"281\" src=\"https:\/\/www.youtube.com\/embed\/NmgAkhljIFQ?feature=oembed\" frameborder=\"0\" allow=\"accelerometer; autoplay; clipboard-write; encrypted-media; gyroscope; picture-in-picture; web-share\" referrerpolicy=\"strict-origin-when-cross-origin\" allowfullscreen><\/iframe><\/div>\n<\/div><\/figure>\n\n\n\n<p>A l&#8217;escola Miquel Granell ja hem realitzat la segona proposta del programa PCMAT per millorar la compet\u00e8ncia matem\u00e0tica amb l&#8217;ajuda del pensament computacional i la rob\u00f2tica educativa.<\/p>\n\n\n\n<p>En aquesta ocasi\u00f3, l&#8217;alumnat ens hem convertit en analistes de dades professionals amb un enc\u00e0rrec: Fer un informe per a l&#8217;ajuntament investigant les dist\u00e0ncies que recorre cadasc\u00fa per arribar a l&#8217;escola i fer propostes de millora.<\/p>\n\n\n\n<p>Per dur a terme aquesta tasca, hem recollit dades reals, hem mesurat dist\u00e0ncies, hem elaborat gr\u00e0fics, hem treballat amb pl\u00e0nols i hem utilitzat eines digitals com les plaques Micro:bit, Google Maps, fulls de c\u00e0lcul i Canva per desenvolupar el pensament computacional, \u00e9s a dir, la capacitat de resoldre problemes de manera estructurada i utilitzant la tecnologia de forma significativa.<\/p>\n\n\n\n<p>Una tasca on hem aplicat l&#8217;estad\u00edstica i les matem\u00e0tiques de manera significativa i tenen un impacte social real.<\/p>\n","protected":false},"excerpt":{"rendered":"<p>A l&#8217;escola Miquel Granell ja hem realitzat la segona proposta del programa PCMAT per millorar la compet\u00e8ncia matem\u00e0tica amb l&#8217;ajuda [&hellip;]<\/p>\n","protected":false},"author":1,"featured_media":10223,"comment_status":"open","ping_status":"open","sticky":false,"template":"","format":"standard","meta":{"_bbp_topic_count":0,"_bbp_reply_count":0,"_bbp_total_topic_count":0,"_bbp_total_reply_count":0,"_bbp_voice_count":0,"_bbp_anonymous_reply_count":0,"_bbp_topic_count_hidden":0,"_bbp_reply_count_hidden":0,"_bbp_forum_subforum_count":0,"site-sidebar-layout":"default","site-content-layout":"","ast-site-content-layout":"default","site-content-style":"default","site-sidebar-style":"default","ast-global-header-display":"","ast-banner-title-visibility":"","ast-main-header-display":"","ast-hfb-above-header-display":"","ast-hfb-below-header-display":"","ast-hfb-mobile-header-display":"","site-post-title":"","ast-breadcrumbs-content":"","ast-featured-img":"","footer-sml-layout":"","theme-transparent-header-meta":"","adv-header-id-meta":"","stick-header-meta":"","header-above-stick-meta":"","header-main-stick-meta":"","header-below-stick-meta":"","astra-migrate-meta-layouts":"set","ast-page-background-enabled":"default","ast-page-background-meta":{"desktop":{"background-color":"var(--ast-global-color-4)","background-image":"","background-repeat":"repeat","background-position":"center center","background-size":"auto","background-attachment":"scroll","background-type":"","background-media":"","overlay-type":"","overlay-color":"","overlay-opacity":"","overlay-gradient":""},"tablet":{"background-color":"","background-image":"","background-repeat":"repeat","background-position":"center center","background-size":"auto","background-attachment":"scroll","background-type":"","background-media":"","overlay-type":"","overlay-color":"","overlay-opacity":"","overlay-gradient":""},"mobile":{"background-color":"","background-image":"","background-repeat":"repeat","background-position":"center center","background-size":"auto","background-attachment":"scroll","background-type":"","background-media":"","overlay-type":"","overlay-color":"","overlay-opacity":"","overlay-gradient":""}},"ast-content-background-meta":{"desktop":{"background-color":"var(--ast-global-color-5)","background-image":"","background-repeat":"repeat","background-position":"center center","background-size":"auto","background-attachment":"scroll","background-type":"","background-media":"","overlay-type":"","overlay-color":"","overlay-opacity":"","overlay-gradient":""},"tablet":{"background-color":"var(--ast-global-color-5)","background-image":"","background-repeat":"repeat","background-position":"center center","background-size":"auto","background-attachment":"scroll","background-type":"","background-media":"","overlay-type":"","overlay-color":"","overlay-opacity":"","overlay-gradient":""},"mobile":{"background-color":"var(--ast-global-color-5)","background-image":"","background-repeat":"repeat","background-position":"center center","background-size":"auto","background-attachment":"scroll","background-type":"","background-media":"","overlay-type":"","overlay-color":"","overlay-opacity":"","overlay-gradient":""}},"footnotes":""},"categories":[562,563,189,1,573,4],"tags":[575,574],"class_list":["post-10222","post","type-post","status-publish","format-standard","has-post-thumbnail","hentry","category-2025-2026","category-2025-2026-2","category-digitals","category-general","category-pensament-computacional","category-portada","tag-digital","tag-pensament-computacional"],"post_mailing_queue_ids":[],"_links":{"self":[{"href":"https:\/\/agora.xtec.cat\/ceipmiquelgranell\/wp-json\/wp\/v2\/posts\/10222","targetHints":{"allow":["GET"]}}],"collection":[{"href":"https:\/\/agora.xtec.cat\/ceipmiquelgranell\/wp-json\/wp\/v2\/posts"}],"about":[{"href":"https:\/\/agora.xtec.cat\/ceipmiquelgranell\/wp-json\/wp\/v2\/types\/post"}],"author":[{"embeddable":true,"href":"https:\/\/agora.xtec.cat\/ceipmiquelgranell\/wp-json\/wp\/v2\/users\/1"}],"replies":[{"embeddable":true,"href":"https:\/\/agora.xtec.cat\/ceipmiquelgranell\/wp-json\/wp\/v2\/comments?post=10222"}],"version-history":[{"count":2,"href":"https:\/\/agora.xtec.cat\/ceipmiquelgranell\/wp-json\/wp\/v2\/posts\/10222\/revisions"}],"predecessor-version":[{"id":10226,"href":"https:\/\/agora.xtec.cat\/ceipmiquelgranell\/wp-json\/wp\/v2\/posts\/10222\/revisions\/10226"}],"wp:featuredmedia":[{"embeddable":true,"href":"https:\/\/agora.xtec.cat\/ceipmiquelgranell\/wp-json\/wp\/v2\/media\/10223"}],"wp:attachment":[{"href":"https:\/\/agora.xtec.cat\/ceipmiquelgranell\/wp-json\/wp\/v2\/media?parent=10222"}],"wp:term":[{"taxonomy":"category","embeddable":true,"href":"https:\/\/agora.xtec.cat\/ceipmiquelgranell\/wp-json\/wp\/v2\/categories?post=10222"},{"taxonomy":"post_tag","embeddable":true,"href":"https:\/\/agora.xtec.cat\/ceipmiquelgranell\/wp-json\/wp\/v2\/tags?post=10222"}],"curies":[{"name":"wp","href":"https:\/\/api.w.org\/{rel}","templated":true}]}}