{"id":2165,"date":"2025-06-04T23:00:34","date_gmt":"2025-06-04T21:00:34","guid":{"rendered":"https:\/\/agora.xtec.cat\/ceipmiquelbaro\/?p=2165"},"modified":"2025-06-04T23:00:34","modified_gmt":"2025-06-04T21:00:34","slug":"colonies-cambrils-dia-1","status":"publish","type":"post","link":"https:\/\/agora.xtec.cat\/ceipmiquelbaro\/general\/colonies-cambrils-dia-1\/","title":{"rendered":"COL\u00d2NIES &#8211; CAMBRILS, DIA 1"},"content":{"rendered":"<p>L&#8217;alumnat de 4t, 5\u00e8 i 6\u00e8 de la nostra escola estan gaudint de tres dies de col\u00f2nies a Cambrils.<\/p>\n<p>Aix\u00ed acaba el seu primer dia de col\u00f2nies. Ha estat ple d&#8217;emocions i rialles.<\/p>\n<p>Els nens i nenes s&#8217;ho estan passant d&#8217;all\u00f2 m\u00e9s b\u00e9, creant records que els duraran tota la vida.<\/p>\n<p>Dem\u00e0 els espera un nou dia ple d&#8217;aventures.<\/p>\n<p>Us continuarem mantenint informats amb m\u00e9s imatges i somriures.<\/p>\n<p>Avui us en deixem aquest <a href=\"https:\/\/drive.google.com\/file\/d\/1nXzQnrgzIgedb120dyiMSdA-ItL_gnqG\/view?usp=sharing\">v\u00eddeo <\/a>com a recull del dia.<\/p>\n<p style=\"text-align: center;\"><a href=\"https:\/\/drive.google.com\/file\/d\/1nXzQnrgzIgedb120dyiMSdA-ItL_gnqG\/view?usp=sharing\"><img loading=\"lazy\" decoding=\"async\" class=\"wp-image-2166 aligncenter\" src=\"https:\/\/agora.xtec.cat\/ceipmiquelbaro\/wp-content\/uploads\/usu2622\/2025\/06\/IMG_4517-1024x588.jpg\" alt=\"\" width=\"530\" height=\"304\" srcset=\"https:\/\/agora.xtec.cat\/ceipmiquelbaro\/wp-content\/uploads\/usu2622\/2025\/06\/IMG_4517-1024x588.jpg 1024w, https:\/\/agora.xtec.cat\/ceipmiquelbaro\/wp-content\/uploads\/usu2622\/2025\/06\/IMG_4517-300x172.jpg 300w, https:\/\/agora.xtec.cat\/ceipmiquelbaro\/wp-content\/uploads\/usu2622\/2025\/06\/IMG_4517-768x441.jpg 768w, https:\/\/agora.xtec.cat\/ceipmiquelbaro\/wp-content\/uploads\/usu2622\/2025\/06\/IMG_4517.jpg 1170w\" sizes=\"auto, (max-width: 530px) 100vw, 530px\" \/><\/a><\/p>\n","protected":false},"excerpt":{"rendered":"<p>L&#8217;alumnat de 4t, 5\u00e8 i 6\u00e8 de la nostra escola estan gaudint de tres dies de col\u00f2nies a Cambrils. Aix\u00ed acaba el seu primer dia de col\u00f2nies. Ha estat ple d&#8217;emocions i rialles. Els nens i nenes s&#8217;ho estan passant d&#8217;all\u00f2 m\u00e9s b\u00e9, creant records que els duraran tota la vida. Dem\u00e0 els espera un [&hellip;]<\/p>\n","protected":false},"author":1,"featured_media":0,"comment_status":"open","ping_status":"open","sticky":false,"template":"","format":"standard","meta":{"_bbp_topic_count":0,"_bbp_reply_count":0,"_bbp_total_topic_count":0,"_bbp_total_reply_count":0,"_bbp_voice_count":0,"_bbp_anonymous_reply_count":0,"_bbp_topic_count_hidden":0,"_bbp_reply_count_hidden":0,"_bbp_forum_subforum_count":0,"site-sidebar-layout":"default","site-content-layout":"","ast-site-content-layout":"","site-content-style":"default","site-sidebar-style":"default","ast-global-header-display":"","ast-banner-title-visibility":"","ast-main-header-display":"","ast-hfb-above-header-display":"","ast-hfb-below-header-display":"","ast-hfb-mobile-header-display":"","site-post-title":"","ast-breadcrumbs-content":"","ast-featured-img":"","footer-sml-layout":"","theme-transparent-header-meta":"","adv-header-id-meta":"","stick-header-meta":"","header-above-stick-meta":"","header-main-stick-meta":"","header-below-stick-meta":"","astra-migrate-meta-layouts":"default","ast-page-background-enabled":"default","ast-page-background-meta":{"desktop":{"background-color":"var(--ast-global-color-4)","background-image":"","background-repeat":"repeat","background-position":"center center","background-size":"auto","background-attachment":"scroll","background-type":"","background-media":"","overlay-type":"","overlay-color":"","overlay-opacity":"","overlay-gradient":""},"tablet":{"background-color":"","background-image":"","background-repeat":"repeat","background-position":"center center","background-size":"auto","background-attachment":"scroll","background-type":"","background-media":"","overlay-type":"","overlay-color":"","overlay-opacity":"","overlay-gradient":""},"mobile":{"background-color":"","background-image":"","background-repeat":"repeat","background-position":"center center","background-size":"auto","background-attachment":"scroll","background-type":"","background-media":"","overlay-type":"","overlay-color":"","overlay-opacity":"","overlay-gradient":""}},"ast-content-background-meta":{"desktop":{"background-color":"var(--ast-global-color-5)","background-image":"","background-repeat":"repeat","background-position":"center center","background-size":"auto","background-attachment":"scroll","background-type":"","background-media":"","overlay-type":"","overlay-color":"","overlay-opacity":"","overlay-gradient":""},"tablet":{"background-color":"var(--ast-global-color-5)","background-image":"","background-repeat":"repeat","background-position":"center center","background-size":"auto","background-attachment":"scroll","background-type":"","background-media":"","overlay-type":"","overlay-color":"","overlay-opacity":"","overlay-gradient":""},"mobile":{"background-color":"var(--ast-global-color-5)","background-image":"","background-repeat":"repeat","background-position":"center center","background-size":"auto","background-attachment":"scroll","background-type":"","background-media":"","overlay-type":"","overlay-color":"","overlay-opacity":"","overlay-gradient":""}},"footnotes":""},"categories":[1],"tags":[],"class_list":["post-2165","post","type-post","status-publish","format-standard","hentry","category-general"],"post_mailing_queue_ids":[],"_links":{"self":[{"href":"https:\/\/agora.xtec.cat\/ceipmiquelbaro\/wp-json\/wp\/v2\/posts\/2165","targetHints":{"allow":["GET"]}}],"collection":[{"href":"https:\/\/agora.xtec.cat\/ceipmiquelbaro\/wp-json\/wp\/v2\/posts"}],"about":[{"href":"https:\/\/agora.xtec.cat\/ceipmiquelbaro\/wp-json\/wp\/v2\/types\/post"}],"author":[{"embeddable":true,"href":"https:\/\/agora.xtec.cat\/ceipmiquelbaro\/wp-json\/wp\/v2\/users\/1"}],"replies":[{"embeddable":true,"href":"https:\/\/agora.xtec.cat\/ceipmiquelbaro\/wp-json\/wp\/v2\/comments?post=2165"}],"version-history":[{"count":2,"href":"https:\/\/agora.xtec.cat\/ceipmiquelbaro\/wp-json\/wp\/v2\/posts\/2165\/revisions"}],"predecessor-version":[{"id":2168,"href":"https:\/\/agora.xtec.cat\/ceipmiquelbaro\/wp-json\/wp\/v2\/posts\/2165\/revisions\/2168"}],"wp:attachment":[{"href":"https:\/\/agora.xtec.cat\/ceipmiquelbaro\/wp-json\/wp\/v2\/media?parent=2165"}],"wp:term":[{"taxonomy":"category","embeddable":true,"href":"https:\/\/agora.xtec.cat\/ceipmiquelbaro\/wp-json\/wp\/v2\/categories?post=2165"},{"taxonomy":"post_tag","embeddable":true,"href":"https:\/\/agora.xtec.cat\/ceipmiquelbaro\/wp-json\/wp\/v2\/tags?post=2165"}],"curies":[{"name":"wp","href":"https:\/\/api.w.org\/{rel}","templated":true}]}}