{"id":2009,"date":"2024-11-07T09:41:37","date_gmt":"2024-11-07T08:41:37","guid":{"rendered":"https:\/\/agora.xtec.cat\/ceipmiquelbaro\/?p=2009"},"modified":"2024-11-07T09:41:37","modified_gmt":"2024-11-07T08:41:37","slug":"celebrem-la-castanyada","status":"publish","type":"post","link":"https:\/\/agora.xtec.cat\/ceipmiquelbaro\/general\/celebrem-la-castanyada\/","title":{"rendered":"CELEBREM LA CASTANYADA"},"content":{"rendered":"<p><a href=\"https:\/\/agora.xtec.cat\/ceipmiquelbaro\/wp-content\/uploads\/usu2622\/2024\/11\/IMG_7537.jpg\"><img loading=\"lazy\" decoding=\"async\" class=\"wp-image-2011 aligncenter\" src=\"https:\/\/agora.xtec.cat\/ceipmiquelbaro\/wp-content\/uploads\/usu2622\/2024\/11\/IMG_7537.jpg\" alt=\"\" width=\"437\" height=\"406\" srcset=\"https:\/\/agora.xtec.cat\/ceipmiquelbaro\/wp-content\/uploads\/usu2622\/2024\/11\/IMG_7537.jpg 640w, https:\/\/agora.xtec.cat\/ceipmiquelbaro\/wp-content\/uploads\/usu2622\/2024\/11\/IMG_7537-300x278.jpg 300w\" sizes=\"auto, (max-width: 437px) 100vw, 437px\" \/><\/a><\/p>\n<p>El passat 30 d&#8217;octubre, tot l&#8217;alumnat de l&#8217;escola vam celebrar la castanyada.<\/p>\n<p>Al mat\u00ed cada cicle va fer una manualitat relacionada amb la tem\u00e0tica del dia. Tot seguit vam poder menjar-nos els esmorzars t\u00edpics de tardor que port\u00e0vem&#8230;i que bons que estaven!<\/p>\n<p>Despr\u00e9s del pati vam complementar el mat\u00ed amb activitats ben divertides per cicles.<\/p>\n<p>A la tarda, els m\u00e9s petitets, cicle infantil, van vindre disfressats i disfressades de castanyers i castanyeres. Els nens i les nenes de prim\u00e0ria van portar uns vestits terror\u00edfics ambientats en Halloween. Tots ben guapos i guapes, vam sortir al pati a ballar la can\u00e7\u00f3 de la Castanyera, i a continuaci\u00f3 vam acabar la tarda ballant, fent gresca i disbauxa i ens ho vas passar genial. A m\u00e9s a m\u00e9s, vam poder menjar unes castanyes ben torradetes que ens van oferir els membres de l&#8217;Ampa.<\/p>\n<p>Podeu trobar m\u00e9s imatges de la diada al bloc de cada curs.<\/p>\n","protected":false},"excerpt":{"rendered":"<p>El passat 30 d&#8217;octubre, tot l&#8217;alumnat de l&#8217;escola vam celebrar la castanyada. Al mat\u00ed cada cicle va fer una manualitat relacionada amb la tem\u00e0tica del dia. Tot seguit vam poder menjar-nos els esmorzars t\u00edpics de tardor que port\u00e0vem&#8230;i que bons que estaven! Despr\u00e9s del pati vam complementar el mat\u00ed amb activitats ben divertides per cicles. [&hellip;]<\/p>\n","protected":false},"author":1,"featured_media":0,"comment_status":"open","ping_status":"closed","sticky":false,"template":"","format":"standard","meta":{"_bbp_topic_count":0,"_bbp_reply_count":0,"_bbp_total_topic_count":0,"_bbp_total_reply_count":0,"_bbp_voice_count":0,"_bbp_anonymous_reply_count":0,"_bbp_topic_count_hidden":0,"_bbp_reply_count_hidden":0,"_bbp_forum_subforum_count":0,"site-sidebar-layout":"default","site-content-layout":"","ast-site-content-layout":"","site-content-style":"default","site-sidebar-style":"default","ast-global-header-display":"","ast-banner-title-visibility":"","ast-main-header-display":"","ast-hfb-above-header-display":"","ast-hfb-below-header-display":"","ast-hfb-mobile-header-display":"","site-post-title":"","ast-breadcrumbs-content":"","ast-featured-img":"","footer-sml-layout":"","theme-transparent-header-meta":"","adv-header-id-meta":"","stick-header-meta":"","header-above-stick-meta":"","header-main-stick-meta":"","header-below-stick-meta":"","astra-migrate-meta-layouts":"default","ast-page-background-enabled":"default","ast-page-background-meta":{"desktop":{"background-color":"var(--ast-global-color-4)","background-image":"","background-repeat":"repeat","background-position":"center center","background-size":"auto","background-attachment":"scroll","background-type":"","background-media":"","overlay-type":"","overlay-color":"","overlay-opacity":"","overlay-gradient":""},"tablet":{"background-color":"","background-image":"","background-repeat":"repeat","background-position":"center center","background-size":"auto","background-attachment":"scroll","background-type":"","background-media":"","overlay-type":"","overlay-color":"","overlay-opacity":"","overlay-gradient":""},"mobile":{"background-color":"","background-image":"","background-repeat":"repeat","background-position":"center center","background-size":"auto","background-attachment":"scroll","background-type":"","background-media":"","overlay-type":"","overlay-color":"","overlay-opacity":"","overlay-gradient":""}},"ast-content-background-meta":{"desktop":{"background-color":"var(--ast-global-color-5)","background-image":"","background-repeat":"repeat","background-position":"center center","background-size":"auto","background-attachment":"scroll","background-type":"","background-media":"","overlay-type":"","overlay-color":"","overlay-opacity":"","overlay-gradient":""},"tablet":{"background-color":"var(--ast-global-color-5)","background-image":"","background-repeat":"repeat","background-position":"center center","background-size":"auto","background-attachment":"scroll","background-type":"","background-media":"","overlay-type":"","overlay-color":"","overlay-opacity":"","overlay-gradient":""},"mobile":{"background-color":"var(--ast-global-color-5)","background-image":"","background-repeat":"repeat","background-position":"center center","background-size":"auto","background-attachment":"scroll","background-type":"","background-media":"","overlay-type":"","overlay-color":"","overlay-opacity":"","overlay-gradient":""}},"footnotes":""},"categories":[1],"tags":[],"class_list":["post-2009","post","type-post","status-publish","format-standard","hentry","category-general"],"post_mailing_queue_ids":[],"_links":{"self":[{"href":"https:\/\/agora.xtec.cat\/ceipmiquelbaro\/wp-json\/wp\/v2\/posts\/2009","targetHints":{"allow":["GET"]}}],"collection":[{"href":"https:\/\/agora.xtec.cat\/ceipmiquelbaro\/wp-json\/wp\/v2\/posts"}],"about":[{"href":"https:\/\/agora.xtec.cat\/ceipmiquelbaro\/wp-json\/wp\/v2\/types\/post"}],"author":[{"embeddable":true,"href":"https:\/\/agora.xtec.cat\/ceipmiquelbaro\/wp-json\/wp\/v2\/users\/1"}],"replies":[{"embeddable":true,"href":"https:\/\/agora.xtec.cat\/ceipmiquelbaro\/wp-json\/wp\/v2\/comments?post=2009"}],"version-history":[{"count":2,"href":"https:\/\/agora.xtec.cat\/ceipmiquelbaro\/wp-json\/wp\/v2\/posts\/2009\/revisions"}],"predecessor-version":[{"id":2012,"href":"https:\/\/agora.xtec.cat\/ceipmiquelbaro\/wp-json\/wp\/v2\/posts\/2009\/revisions\/2012"}],"wp:attachment":[{"href":"https:\/\/agora.xtec.cat\/ceipmiquelbaro\/wp-json\/wp\/v2\/media?parent=2009"}],"wp:term":[{"taxonomy":"category","embeddable":true,"href":"https:\/\/agora.xtec.cat\/ceipmiquelbaro\/wp-json\/wp\/v2\/categories?post=2009"},{"taxonomy":"post_tag","embeddable":true,"href":"https:\/\/agora.xtec.cat\/ceipmiquelbaro\/wp-json\/wp\/v2\/tags?post=2009"}],"curies":[{"name":"wp","href":"https:\/\/api.w.org\/{rel}","templated":true}]}}