{"id":1862,"date":"2024-02-26T15:33:24","date_gmt":"2024-02-26T14:33:24","guid":{"rendered":"https:\/\/agora.xtec.cat\/ceipmiquelbaro\/?p=1862"},"modified":"2024-02-29T01:52:48","modified_gmt":"2024-02-29T00:52:48","slug":"parlem-sense-vergonya-parlem-catala","status":"publish","type":"post","link":"https:\/\/agora.xtec.cat\/ceipmiquelbaro\/general\/parlem-sense-vergonya-parlem-catala\/","title":{"rendered":"Parlem sense vergonya. Parlem Catal\u00e0."},"content":{"rendered":"<p>&nbsp;<\/p>\n<p><a href=\"https:\/\/agora.xtec.cat\/ceipmiquelbaro\/wp-content\/uploads\/usu2622\/2024\/02\/ulae.jpg\"><img loading=\"lazy\" decoding=\"async\" class=\"alignnone wp-image-1863\" src=\"https:\/\/agora.xtec.cat\/ceipmiquelbaro\/wp-content\/uploads\/usu2622\/2024\/02\/ulae-724x1024.jpg\" alt=\"\" width=\"555\" height=\"785\" srcset=\"https:\/\/agora.xtec.cat\/ceipmiquelbaro\/wp-content\/uploads\/usu2622\/2024\/02\/ulae-724x1024.jpg 724w, https:\/\/agora.xtec.cat\/ceipmiquelbaro\/wp-content\/uploads\/usu2622\/2024\/02\/ulae-212x300.jpg 212w, https:\/\/agora.xtec.cat\/ceipmiquelbaro\/wp-content\/uploads\/usu2622\/2024\/02\/ulae-768x1086.jpg 768w, https:\/\/agora.xtec.cat\/ceipmiquelbaro\/wp-content\/uploads\/usu2622\/2024\/02\/ulae-1086x1536.jpg 1086w, https:\/\/agora.xtec.cat\/ceipmiquelbaro\/wp-content\/uploads\/usu2622\/2024\/02\/ulae.jpg 1414w\" sizes=\"auto, (max-width: 555px) 100vw, 555px\" \/><\/a><\/p>\n<p>L&#8217;alumnat de la nostra escola va il\u00b7lustrar una proposta de la comissi\u00f3 ULAE que consistia en elaborar una infografia de diferents situacions on es promogui l&#8217;\u00fas del catal\u00e0. Aquest curs l&#8217;hem distribu\u00eft pels diferents espais del nostre centre com a activitat per fomentar l&#8217;\u00fas d&#8217;aquesta llengua a les nostres aules i al pati.<\/p>\n","protected":false},"excerpt":{"rendered":"<p>&nbsp; L&#8217;alumnat de la nostra escola va il\u00b7lustrar una proposta de la comissi\u00f3 ULAE que consistia en elaborar una infografia de diferents situacions on es promogui l&#8217;\u00fas del catal\u00e0. Aquest curs l&#8217;hem distribu\u00eft pels diferents espais del nostre centre com a activitat per fomentar l&#8217;\u00fas d&#8217;aquesta llengua a les nostres aules i al pati.<\/p>\n","protected":false},"author":1,"featured_media":0,"comment_status":"open","ping_status":"closed","sticky":false,"template":"","format":"standard","meta":{"_bbp_topic_count":0,"_bbp_reply_count":0,"_bbp_total_topic_count":0,"_bbp_total_reply_count":0,"_bbp_voice_count":0,"_bbp_anonymous_reply_count":0,"_bbp_topic_count_hidden":0,"_bbp_reply_count_hidden":0,"_bbp_forum_subforum_count":0,"site-sidebar-layout":"default","site-content-layout":"","ast-site-content-layout":"","site-content-style":"default","site-sidebar-style":"default","ast-global-header-display":"","ast-banner-title-visibility":"","ast-main-header-display":"","ast-hfb-above-header-display":"","ast-hfb-below-header-display":"","ast-hfb-mobile-header-display":"","site-post-title":"","ast-breadcrumbs-content":"","ast-featured-img":"","footer-sml-layout":"","theme-transparent-header-meta":"","adv-header-id-meta":"","stick-header-meta":"","header-above-stick-meta":"","header-main-stick-meta":"","header-below-stick-meta":"","astra-migrate-meta-layouts":"default","ast-page-background-enabled":"default","ast-page-background-meta":{"desktop":{"background-color":"var(--ast-global-color-4)","background-image":"","background-repeat":"repeat","background-position":"center center","background-size":"auto","background-attachment":"scroll","background-type":"","background-media":"","overlay-type":"","overlay-color":"","overlay-opacity":"","overlay-gradient":""},"tablet":{"background-color":"","background-image":"","background-repeat":"repeat","background-position":"center center","background-size":"auto","background-attachment":"scroll","background-type":"","background-media":"","overlay-type":"","overlay-color":"","overlay-opacity":"","overlay-gradient":""},"mobile":{"background-color":"","background-image":"","background-repeat":"repeat","background-position":"center center","background-size":"auto","background-attachment":"scroll","background-type":"","background-media":"","overlay-type":"","overlay-color":"","overlay-opacity":"","overlay-gradient":""}},"ast-content-background-meta":{"desktop":{"background-color":"var(--ast-global-color-5)","background-image":"","background-repeat":"repeat","background-position":"center center","background-size":"auto","background-attachment":"scroll","background-type":"","background-media":"","overlay-type":"","overlay-color":"","overlay-opacity":"","overlay-gradient":""},"tablet":{"background-color":"var(--ast-global-color-5)","background-image":"","background-repeat":"repeat","background-position":"center center","background-size":"auto","background-attachment":"scroll","background-type":"","background-media":"","overlay-type":"","overlay-color":"","overlay-opacity":"","overlay-gradient":""},"mobile":{"background-color":"var(--ast-global-color-5)","background-image":"","background-repeat":"repeat","background-position":"center center","background-size":"auto","background-attachment":"scroll","background-type":"","background-media":"","overlay-type":"","overlay-color":"","overlay-opacity":"","overlay-gradient":""}},"footnotes":""},"categories":[86,1,85],"tags":[],"class_list":["post-1862","post","type-post","status-publish","format-standard","hentry","category-23-24","category-general","category-ulae"],"post_mailing_queue_ids":[],"_links":{"self":[{"href":"https:\/\/agora.xtec.cat\/ceipmiquelbaro\/wp-json\/wp\/v2\/posts\/1862","targetHints":{"allow":["GET"]}}],"collection":[{"href":"https:\/\/agora.xtec.cat\/ceipmiquelbaro\/wp-json\/wp\/v2\/posts"}],"about":[{"href":"https:\/\/agora.xtec.cat\/ceipmiquelbaro\/wp-json\/wp\/v2\/types\/post"}],"author":[{"embeddable":true,"href":"https:\/\/agora.xtec.cat\/ceipmiquelbaro\/wp-json\/wp\/v2\/users\/1"}],"replies":[{"embeddable":true,"href":"https:\/\/agora.xtec.cat\/ceipmiquelbaro\/wp-json\/wp\/v2\/comments?post=1862"}],"version-history":[{"count":3,"href":"https:\/\/agora.xtec.cat\/ceipmiquelbaro\/wp-json\/wp\/v2\/posts\/1862\/revisions"}],"predecessor-version":[{"id":1866,"href":"https:\/\/agora.xtec.cat\/ceipmiquelbaro\/wp-json\/wp\/v2\/posts\/1862\/revisions\/1866"}],"wp:attachment":[{"href":"https:\/\/agora.xtec.cat\/ceipmiquelbaro\/wp-json\/wp\/v2\/media?parent=1862"}],"wp:term":[{"taxonomy":"category","embeddable":true,"href":"https:\/\/agora.xtec.cat\/ceipmiquelbaro\/wp-json\/wp\/v2\/categories?post=1862"},{"taxonomy":"post_tag","embeddable":true,"href":"https:\/\/agora.xtec.cat\/ceipmiquelbaro\/wp-json\/wp\/v2\/tags?post=1862"}],"curies":[{"name":"wp","href":"https:\/\/api.w.org\/{rel}","templated":true}]}}