{"id":1779,"date":"2023-12-04T13:17:29","date_gmt":"2023-12-04T12:17:29","guid":{"rendered":"https:\/\/agora.xtec.cat\/ceipmiquelbaro\/?p=1779"},"modified":"2023-12-04T13:17:29","modified_gmt":"2023-12-04T12:17:29","slug":"aquest-curs-estrenem-pati-a-lescola","status":"publish","type":"post","link":"https:\/\/agora.xtec.cat\/ceipmiquelbaro\/general\/aquest-curs-estrenem-pati-a-lescola\/","title":{"rendered":"AQUEST CURS ESTRENEM PATI A L&#8217;ESCOLA!"},"content":{"rendered":"<p><a href=\"https:\/\/drive.google.com\/file\/d\/1rNFEF9BOI__HBbtOy0I6JF66o1sQ1xk-\/view?usp=sharing\"><img loading=\"lazy\" decoding=\"async\" class=\"alignnone wp-image-1780\" src=\"https:\/\/agora.xtec.cat\/ceipmiquelbaro\/wp-content\/uploads\/usu2622\/2023\/12\/PATI-ESCOLA-1024x572.jpg\" alt=\"\" width=\"708\" height=\"396\" srcset=\"https:\/\/agora.xtec.cat\/ceipmiquelbaro\/wp-content\/uploads\/usu2622\/2023\/12\/PATI-ESCOLA-1024x572.jpg 1024w, https:\/\/agora.xtec.cat\/ceipmiquelbaro\/wp-content\/uploads\/usu2622\/2023\/12\/PATI-ESCOLA-300x168.jpg 300w, https:\/\/agora.xtec.cat\/ceipmiquelbaro\/wp-content\/uploads\/usu2622\/2023\/12\/PATI-ESCOLA-768x429.jpg 768w, https:\/\/agora.xtec.cat\/ceipmiquelbaro\/wp-content\/uploads\/usu2622\/2023\/12\/PATI-ESCOLA.jpg 1211w\" sizes=\"auto, (max-width: 708px) 100vw, 708px\" \/><\/a><\/p>\n<p>Aquest curs l&#8217;alumnat de l&#8217;Escola Miquel Bar\u00f3\u00a0<span class=\"hiddenSpellError\">Daban<\/span>\u00a0podr\u00e0 gaudir d&#8217;un pati reformat. Els nens i nenes de l&#8217;escola ho gaudiran molt\u00edssim!<\/p>\n<p>El dia 11 d&#8217;octubre, a les 16:30\u202fh, es va fer la inauguraci\u00f3 oficial del pati de l&#8217;escola. Vam tenir uns convidats molt balladors i \u00e9s que tamb\u00e9 van participar d&#8217;aquesta jornada els gegants de Ser\u00f2s. Primerament hi va haver uns breus parlaments per part de l&#8217;ajuntament, per part de l&#8217;associaci\u00f3 de pares i mares dels alumnes de l&#8217;escola, per part de la directora i tamb\u00e9 van voler participar amb uns petits agra\u00efments els nens i nenes de l&#8217;escola. Tot seguit es va repartir coca i xocolata per als assistents.<\/p>\n","protected":false},"excerpt":{"rendered":"<p>Aquest curs l&#8217;alumnat de l&#8217;Escola Miquel Bar\u00f3\u00a0Daban\u00a0podr\u00e0 gaudir d&#8217;un pati reformat. Els nens i nenes de l&#8217;escola ho gaudiran molt\u00edssim! El dia 11 d&#8217;octubre, a les 16:30\u202fh, es va fer la inauguraci\u00f3 oficial del pati de l&#8217;escola. Vam tenir uns convidats molt balladors i \u00e9s que tamb\u00e9 van participar d&#8217;aquesta jornada els gegants de Ser\u00f2s. [&hellip;]<\/p>\n","protected":false},"author":1,"featured_media":0,"comment_status":"open","ping_status":"closed","sticky":false,"template":"","format":"standard","meta":{"_bbp_topic_count":0,"_bbp_reply_count":0,"_bbp_total_topic_count":0,"_bbp_total_reply_count":0,"_bbp_voice_count":0,"_bbp_anonymous_reply_count":0,"_bbp_topic_count_hidden":0,"_bbp_reply_count_hidden":0,"_bbp_forum_subforum_count":0,"site-sidebar-layout":"default","site-content-layout":"","ast-site-content-layout":"","site-content-style":"default","site-sidebar-style":"default","ast-global-header-display":"","ast-banner-title-visibility":"","ast-main-header-display":"","ast-hfb-above-header-display":"","ast-hfb-below-header-display":"","ast-hfb-mobile-header-display":"","site-post-title":"","ast-breadcrumbs-content":"","ast-featured-img":"","footer-sml-layout":"","theme-transparent-header-meta":"","adv-header-id-meta":"","stick-header-meta":"","header-above-stick-meta":"","header-main-stick-meta":"","header-below-stick-meta":"","astra-migrate-meta-layouts":"default","ast-page-background-enabled":"default","ast-page-background-meta":{"desktop":{"background-color":"var(--ast-global-color-4)","background-image":"","background-repeat":"repeat","background-position":"center center","background-size":"auto","background-attachment":"scroll","background-type":"","background-media":"","overlay-type":"","overlay-color":"","overlay-opacity":"","overlay-gradient":""},"tablet":{"background-color":"","background-image":"","background-repeat":"repeat","background-position":"center center","background-size":"auto","background-attachment":"scroll","background-type":"","background-media":"","overlay-type":"","overlay-color":"","overlay-opacity":"","overlay-gradient":""},"mobile":{"background-color":"","background-image":"","background-repeat":"repeat","background-position":"center center","background-size":"auto","background-attachment":"scroll","background-type":"","background-media":"","overlay-type":"","overlay-color":"","overlay-opacity":"","overlay-gradient":""}},"ast-content-background-meta":{"desktop":{"background-color":"var(--ast-global-color-5)","background-image":"","background-repeat":"repeat","background-position":"center center","background-size":"auto","background-attachment":"scroll","background-type":"","background-media":"","overlay-type":"","overlay-color":"","overlay-opacity":"","overlay-gradient":""},"tablet":{"background-color":"var(--ast-global-color-5)","background-image":"","background-repeat":"repeat","background-position":"center center","background-size":"auto","background-attachment":"scroll","background-type":"","background-media":"","overlay-type":"","overlay-color":"","overlay-opacity":"","overlay-gradient":""},"mobile":{"background-color":"var(--ast-global-color-5)","background-image":"","background-repeat":"repeat","background-position":"center center","background-size":"auto","background-attachment":"scroll","background-type":"","background-media":"","overlay-type":"","overlay-color":"","overlay-opacity":"","overlay-gradient":""}},"footnotes":""},"categories":[86,1],"tags":[],"class_list":["post-1779","post","type-post","status-publish","format-standard","hentry","category-23-24","category-general"],"post_mailing_queue_ids":[],"_links":{"self":[{"href":"https:\/\/agora.xtec.cat\/ceipmiquelbaro\/wp-json\/wp\/v2\/posts\/1779","targetHints":{"allow":["GET"]}}],"collection":[{"href":"https:\/\/agora.xtec.cat\/ceipmiquelbaro\/wp-json\/wp\/v2\/posts"}],"about":[{"href":"https:\/\/agora.xtec.cat\/ceipmiquelbaro\/wp-json\/wp\/v2\/types\/post"}],"author":[{"embeddable":true,"href":"https:\/\/agora.xtec.cat\/ceipmiquelbaro\/wp-json\/wp\/v2\/users\/1"}],"replies":[{"embeddable":true,"href":"https:\/\/agora.xtec.cat\/ceipmiquelbaro\/wp-json\/wp\/v2\/comments?post=1779"}],"version-history":[{"count":2,"href":"https:\/\/agora.xtec.cat\/ceipmiquelbaro\/wp-json\/wp\/v2\/posts\/1779\/revisions"}],"predecessor-version":[{"id":1782,"href":"https:\/\/agora.xtec.cat\/ceipmiquelbaro\/wp-json\/wp\/v2\/posts\/1779\/revisions\/1782"}],"wp:attachment":[{"href":"https:\/\/agora.xtec.cat\/ceipmiquelbaro\/wp-json\/wp\/v2\/media?parent=1779"}],"wp:term":[{"taxonomy":"category","embeddable":true,"href":"https:\/\/agora.xtec.cat\/ceipmiquelbaro\/wp-json\/wp\/v2\/categories?post=1779"},{"taxonomy":"post_tag","embeddable":true,"href":"https:\/\/agora.xtec.cat\/ceipmiquelbaro\/wp-json\/wp\/v2\/tags?post=1779"}],"curies":[{"name":"wp","href":"https:\/\/api.w.org\/{rel}","templated":true}]}}