{"id":5547,"date":"2026-04-27T14:59:04","date_gmt":"2026-04-27T12:59:04","guid":{"rendered":"https:\/\/agora.xtec.cat\/ceipmilagrosconsarnau\/?p=5547"},"modified":"2026-04-27T15:00:38","modified_gmt":"2026-04-27T13:00:38","slug":"posem-en-marxa-la-nostra-radio","status":"publish","type":"post","link":"https:\/\/agora.xtec.cat\/ceipmilagrosconsarnau\/general\/posem-en-marxa-la-nostra-radio\/","title":{"rendered":"Posem en marxa la nostra r\u00e0dio!"},"content":{"rendered":"\n<p>A la nostra escola estem d\u2019enhorabona! Hem posat en marxa la r\u00e0dio escolar, un projecte que ens fa molta il\u00b7lusi\u00f3 i que ens permet donar veu a tot l\u2019alumnat. I no pod\u00edem haver comen\u00e7at de millor manera: coincidint amb la diada de Sant Jordi, hem realitzat la nostra primera activitat radiof\u00f2nica.<\/p>\n\n\n\n<p>Des d\u2019I3 fins a sis\u00e8 de prim\u00e0ria, tots els nens i nenes han participat preparant recomanacions de llibres. Cada curs, adaptant-se a la seva edat, han triat un llibre especial, l\u2019ha compartit amb molta emoci\u00f3 davant del micr\u00f2fon i &nbsp;han argumentat per qu\u00e8 el recomanen demostrant una gran capacitat expressiva.<\/p>\n\n\n\n<p>Aquesta primera experi\u00e8ncia ha estat tot un \u00e8xit. Hem apr\u00e8s a parlar en p\u00fablic, a escoltar-nos els uns als altres i a treballar en equip. Per\u00f2, sobretot, hem gaudit molt\u00edssim del proc\u00e9s i ens hem sentit protagonistes d\u2019un projecte com\u00fa.<\/p>\n\n\n\n<p>Estem molt contents del resultat i amb moltes ganes de continuar omplint la nostra r\u00e0dio de noves activitats, idees i veus. Aix\u00f2 nom\u00e9s acaba de comen\u00e7ar! \ud83d\udcfb\ud83d\udcda<\/p>\n\n\n\n<p>A continuaci\u00f3 podeu trobar les recomanacions de llibres que hem realitzat!<\/p>\n\n\n\n<p>INFANTIL: <\/p>\n\n\n\n<figure class=\"wp-block-audio\"><audio controls src=\"https:\/\/agora.xtec.cat\/ceipmilagrosconsarnau\/wp-content\/uploads\/usu532\/2026\/04\/Infantil-online-audio-converter.com_.mp3\"><\/audio><\/figure>\n\n\n\n<p><strong>CI:<\/strong> 1r i 2n <\/p>\n\n\n\n<figure class=\"wp-block-audio\"><audio controls src=\"https:\/\/agora.xtec.cat\/ceipmilagrosconsarnau\/wp-content\/uploads\/usu532\/2026\/04\/1r-A-Sant-Jordi.mp3\"><\/audio><\/figure>\n\n\n\n<figure class=\"wp-block-audio\"><audio controls src=\"https:\/\/agora.xtec.cat\/ceipmilagrosconsarnau\/wp-content\/uploads\/usu532\/2026\/04\/1r-B-Sant-Jordi.mp3\"><\/audio><\/figure>\n\n\n\n<figure class=\"wp-block-audio\"><audio controls src=\"https:\/\/agora.xtec.cat\/ceipmilagrosconsarnau\/wp-content\/uploads\/usu532\/2026\/04\/2n-A-Sant-Jordi.mp3\"><\/audio><\/figure>\n\n\n\n<figure class=\"wp-block-audio\"><audio controls src=\"https:\/\/agora.xtec.cat\/ceipmilagrosconsarnau\/wp-content\/uploads\/usu532\/2026\/04\/2n-B-Sant-Jordi.mp3\"><\/audio><\/figure>\n\n\n\n<p><strong>CM:<\/strong> 3r i 4t<\/p>\n\n\n\n<figure class=\"wp-block-audio\"><audio controls src=\"https:\/\/agora.xtec.cat\/ceipmilagrosconsarnau\/wp-content\/uploads\/usu532\/2026\/04\/3rA.mp3\"><\/audio><\/figure>\n\n\n\n<figure class=\"wp-block-audio\"><audio controls src=\"https:\/\/agora.xtec.cat\/ceipmilagrosconsarnau\/wp-content\/uploads\/usu532\/2026\/04\/3rB.mp3\"><\/audio><\/figure>\n\n\n\n<figure class=\"wp-block-audio\"><audio controls src=\"https:\/\/agora.xtec.cat\/ceipmilagrosconsarnau\/wp-content\/uploads\/usu532\/2026\/04\/4tA.mp3\"><\/audio><\/figure>\n\n\n\n<figure class=\"wp-block-audio\"><audio controls src=\"https:\/\/agora.xtec.cat\/ceipmilagrosconsarnau\/wp-content\/uploads\/usu532\/2026\/04\/4tB.mp3\"><\/audio><\/figure>\n\n\n\n<figure class=\"wp-block-audio\"><audio controls src=\"https:\/\/agora.xtec.cat\/ceipmilagrosconsarnau\/wp-content\/uploads\/usu532\/2026\/04\/4tC.mp3\"><\/audio><\/figure>\n\n\n\n<p><strong>CS<\/strong>: 5\u00e8 i 6\u00e8<\/p>\n\n\n\n<figure class=\"wp-block-audio\"><audio controls src=\"https:\/\/agora.xtec.cat\/ceipmilagrosconsarnau\/wp-content\/uploads\/usu532\/2026\/04\/5eB.mp3\"><\/audio><\/figure>\n\n\n\n<figure class=\"wp-block-audio\"><audio controls src=\"https:\/\/agora.xtec.cat\/ceipmilagrosconsarnau\/wp-content\/uploads\/usu532\/2026\/04\/6e-1.mp3\"><\/audio><\/figure>\n\n\n\n<p><\/p>\n","protected":false},"excerpt":{"rendered":"<p>A la nostra escola estem d\u2019enhorabona! Hem posat en marxa la r\u00e0dio escolar, un projecte que ens fa molta il\u00b7lusi\u00f3 [&hellip;]<\/p>\n","protected":false},"author":1,"featured_media":5562,"comment_status":"open","ping_status":"open","sticky":false,"template":"","format":"standard","meta":{"_bbp_topic_count":0,"_bbp_reply_count":0,"_bbp_total_topic_count":0,"_bbp_total_reply_count":0,"_bbp_voice_count":0,"_bbp_anonymous_reply_count":0,"_bbp_topic_count_hidden":0,"_bbp_reply_count_hidden":0,"_bbp_forum_subforum_count":0,"site-sidebar-layout":"default","site-content-layout":"","ast-site-content-layout":"default","site-content-style":"default","site-sidebar-style":"default","ast-global-header-display":"","ast-banner-title-visibility":"","ast-main-header-display":"","ast-hfb-above-header-display":"","ast-hfb-below-header-display":"","ast-hfb-mobile-header-display":"","site-post-title":"","ast-breadcrumbs-content":"","ast-featured-img":"","footer-sml-layout":"","theme-transparent-header-meta":"","adv-header-id-meta":"","stick-header-meta":"","header-above-stick-meta":"","header-main-stick-meta":"","header-below-stick-meta":"","astra-migrate-meta-layouts":"set","ast-page-background-enabled":"default","ast-page-background-meta":{"desktop":{"background-color":"var(--ast-global-color-4)","background-image":"","background-repeat":"repeat","background-position":"center center","background-size":"auto","background-attachment":"scroll","background-type":"","background-media":"","overlay-type":"","overlay-color":"","overlay-opacity":"","overlay-gradient":""},"tablet":{"background-color":"","background-image":"","background-repeat":"repeat","background-position":"center center","background-size":"auto","background-attachment":"scroll","background-type":"","background-media":"","overlay-type":"","overlay-color":"","overlay-opacity":"","overlay-gradient":""},"mobile":{"background-color":"","background-image":"","background-repeat":"repeat","background-position":"center center","background-size":"auto","background-attachment":"scroll","background-type":"","background-media":"","overlay-type":"","overlay-color":"","overlay-opacity":"","overlay-gradient":""}},"ast-content-background-meta":{"desktop":{"background-color":"var(--ast-global-color-5)","background-image":"","background-repeat":"repeat","background-position":"center center","background-size":"auto","background-attachment":"scroll","background-type":"","background-media":"","overlay-type":"","overlay-color":"","overlay-opacity":"","overlay-gradient":""},"tablet":{"background-color":"var(--ast-global-color-5)","background-image":"","background-repeat":"repeat","background-position":"center center","background-size":"auto","background-attachment":"scroll","background-type":"","background-media":"","overlay-type":"","overlay-color":"","overlay-opacity":"","overlay-gradient":""},"mobile":{"background-color":"var(--ast-global-color-5)","background-image":"","background-repeat":"repeat","background-position":"center center","background-size":"auto","background-attachment":"scroll","background-type":"","background-media":"","overlay-type":"","overlay-color":"","overlay-opacity":"","overlay-gradient":""}},"footnotes":""},"categories":[1,4],"tags":[54],"class_list":["post-5547","post","type-post","status-publish","format-standard","has-post-thumbnail","hentry","category-general","category-portada","tag-activitats-alumnat"],"post_mailing_queue_ids":[],"_links":{"self":[{"href":"https:\/\/agora.xtec.cat\/ceipmilagrosconsarnau\/wp-json\/wp\/v2\/posts\/5547","targetHints":{"allow":["GET"]}}],"collection":[{"href":"https:\/\/agora.xtec.cat\/ceipmilagrosconsarnau\/wp-json\/wp\/v2\/posts"}],"about":[{"href":"https:\/\/agora.xtec.cat\/ceipmilagrosconsarnau\/wp-json\/wp\/v2\/types\/post"}],"author":[{"embeddable":true,"href":"https:\/\/agora.xtec.cat\/ceipmilagrosconsarnau\/wp-json\/wp\/v2\/users\/1"}],"replies":[{"embeddable":true,"href":"https:\/\/agora.xtec.cat\/ceipmilagrosconsarnau\/wp-json\/wp\/v2\/comments?post=5547"}],"version-history":[{"count":1,"href":"https:\/\/agora.xtec.cat\/ceipmilagrosconsarnau\/wp-json\/wp\/v2\/posts\/5547\/revisions"}],"predecessor-version":[{"id":5561,"href":"https:\/\/agora.xtec.cat\/ceipmilagrosconsarnau\/wp-json\/wp\/v2\/posts\/5547\/revisions\/5561"}],"wp:featuredmedia":[{"embeddable":true,"href":"https:\/\/agora.xtec.cat\/ceipmilagrosconsarnau\/wp-json\/wp\/v2\/media\/5562"}],"wp:attachment":[{"href":"https:\/\/agora.xtec.cat\/ceipmilagrosconsarnau\/wp-json\/wp\/v2\/media?parent=5547"}],"wp:term":[{"taxonomy":"category","embeddable":true,"href":"https:\/\/agora.xtec.cat\/ceipmilagrosconsarnau\/wp-json\/wp\/v2\/categories?post=5547"},{"taxonomy":"post_tag","embeddable":true,"href":"https:\/\/agora.xtec.cat\/ceipmilagrosconsarnau\/wp-json\/wp\/v2\/tags?post=5547"}],"curies":[{"name":"wp","href":"https:\/\/api.w.org\/{rel}","templated":true}]}}