{"id":5391,"date":"2025-12-19T12:29:17","date_gmt":"2025-12-19T11:29:17","guid":{"rendered":"https:\/\/agora.xtec.cat\/ceipmilagrosconsarnau\/?p=5391"},"modified":"2025-12-19T13:37:41","modified_gmt":"2025-12-19T12:37:41","slug":"tastets-dhivern-2025","status":"publish","type":"post","link":"https:\/\/agora.xtec.cat\/ceipmilagrosconsarnau\/general\/tastets-dhivern-2025\/","title":{"rendered":"Tastets d&#8217;hivern 2025!"},"content":{"rendered":"\n<figure class=\"wp-block-image size-full\"><a href=\"https:\/\/agora.xtec.cat\/ceipmilagrosconsarnau\/wp-content\/uploads\/usu532\/2025\/12\/tastets-dhivern-2025.png\"><img loading=\"lazy\" decoding=\"async\" width=\"950\" height=\"667\" src=\"https:\/\/agora.xtec.cat\/ceipmilagrosconsarnau\/wp-content\/uploads\/usu532\/2025\/12\/tastets-dhivern-2025.png\" alt=\"\" class=\"wp-image-5392\" srcset=\"https:\/\/agora.xtec.cat\/ceipmilagrosconsarnau\/wp-content\/uploads\/usu532\/2025\/12\/tastets-dhivern-2025.png 950w, https:\/\/agora.xtec.cat\/ceipmilagrosconsarnau\/wp-content\/uploads\/usu532\/2025\/12\/tastets-dhivern-2025-300x211.png 300w, https:\/\/agora.xtec.cat\/ceipmilagrosconsarnau\/wp-content\/uploads\/usu532\/2025\/12\/tastets-dhivern-2025-768x539.png 768w\" sizes=\"auto, (max-width: 950px) 100vw, 950px\" \/><\/a><\/figure>\n\n\n\n<p>Aquest curs la m\u00fasica ha tornat a omplir les aules d\u2019energia, emocions i moltes ganes d&#8217;aprendre. Els infants han viscut cada sessi\u00f3 amb entusiasme, posant veu, cos i sentiment a totes les propostes musicals.<\/p>\n\n\n\n<p>Amb l&#8217;arribada de l&#8217;hivern, hem compartit amb vosaltres uns tastets musicals molt especials. Cada grup ha preparat les seves interpretacions amb dedicaci\u00f3 i il\u00b7lusi\u00f3, i enguany tamb\u00e9 us els farem arribar des del correu de\u00a0les mateixes classes.<\/p>\n\n\n\n<p>Aquesta manera de compartir ens permet apropar-vos encara m\u00e9s al dia a dia musical dels vostres fills i filles, i fer-vos part\u00edcips del seu proc\u00e9s d&#8217;aprenentatge.<\/p>\n\n\n\n<p>Desitgem que h\u00e0giu gaudit tant com nosaltres d\u2019aquests tastets, que s\u00f3n el reflex del treball col\u00b7lectiu, l\u2019esfor\u00e7 i l\u2019alegria dels nens i nenes.<\/p>\n\n\n\n<p>Gr\u00e0cies per&nbsp;continuar acompanyant-nos&nbsp;en aquest viatge ple de sons, ritmes i emocions.<\/p>\n\n\n\n<p>Una abra\u00e7ada musical <img decoding=\"async\" alt=\"\ud83c\udfb6\" src=\"https:\/\/fonts.gstatic.com\/s\/e\/notoemoji\/16.0\/1f3b6\/32.png\"><\/p>\n\n\n\n<p><\/p>\n","protected":false},"excerpt":{"rendered":"<p>Aquest curs la m\u00fasica ha tornat a omplir les aules d\u2019energia, emocions i moltes ganes d&#8217;aprendre. Els infants han viscut [&hellip;]<\/p>\n","protected":false},"author":1,"featured_media":5392,"comment_status":"open","ping_status":"open","sticky":false,"template":"","format":"standard","meta":{"_bbp_topic_count":0,"_bbp_reply_count":0,"_bbp_total_topic_count":0,"_bbp_total_reply_count":0,"_bbp_voice_count":0,"_bbp_anonymous_reply_count":0,"_bbp_topic_count_hidden":0,"_bbp_reply_count_hidden":0,"_bbp_forum_subforum_count":0,"site-sidebar-layout":"default","site-content-layout":"","ast-site-content-layout":"default","site-content-style":"default","site-sidebar-style":"default","ast-global-header-display":"","ast-banner-title-visibility":"","ast-main-header-display":"","ast-hfb-above-header-display":"","ast-hfb-below-header-display":"","ast-hfb-mobile-header-display":"","site-post-title":"","ast-breadcrumbs-content":"","ast-featured-img":"","footer-sml-layout":"","theme-transparent-header-meta":"","adv-header-id-meta":"","stick-header-meta":"","header-above-stick-meta":"","header-main-stick-meta":"","header-below-stick-meta":"","astra-migrate-meta-layouts":"set","ast-page-background-enabled":"default","ast-page-background-meta":{"desktop":{"background-color":"var(--ast-global-color-4)","background-image":"","background-repeat":"repeat","background-position":"center center","background-size":"auto","background-attachment":"scroll","background-type":"","background-media":"","overlay-type":"","overlay-color":"","overlay-opacity":"","overlay-gradient":""},"tablet":{"background-color":"","background-image":"","background-repeat":"repeat","background-position":"center center","background-size":"auto","background-attachment":"scroll","background-type":"","background-media":"","overlay-type":"","overlay-color":"","overlay-opacity":"","overlay-gradient":""},"mobile":{"background-color":"","background-image":"","background-repeat":"repeat","background-position":"center center","background-size":"auto","background-attachment":"scroll","background-type":"","background-media":"","overlay-type":"","overlay-color":"","overlay-opacity":"","overlay-gradient":""}},"ast-content-background-meta":{"desktop":{"background-color":"var(--ast-global-color-5)","background-image":"","background-repeat":"repeat","background-position":"center center","background-size":"auto","background-attachment":"scroll","background-type":"","background-media":"","overlay-type":"","overlay-color":"","overlay-opacity":"","overlay-gradient":""},"tablet":{"background-color":"var(--ast-global-color-5)","background-image":"","background-repeat":"repeat","background-position":"center center","background-size":"auto","background-attachment":"scroll","background-type":"","background-media":"","overlay-type":"","overlay-color":"","overlay-opacity":"","overlay-gradient":""},"mobile":{"background-color":"var(--ast-global-color-5)","background-image":"","background-repeat":"repeat","background-position":"center center","background-size":"auto","background-attachment":"scroll","background-type":"","background-media":"","overlay-type":"","overlay-color":"","overlay-opacity":"","overlay-gradient":""}},"footnotes":""},"categories":[1,4],"tags":[],"class_list":["post-5391","post","type-post","status-publish","format-standard","has-post-thumbnail","hentry","category-general","category-portada"],"post_mailing_queue_ids":[],"_links":{"self":[{"href":"https:\/\/agora.xtec.cat\/ceipmilagrosconsarnau\/wp-json\/wp\/v2\/posts\/5391","targetHints":{"allow":["GET"]}}],"collection":[{"href":"https:\/\/agora.xtec.cat\/ceipmilagrosconsarnau\/wp-json\/wp\/v2\/posts"}],"about":[{"href":"https:\/\/agora.xtec.cat\/ceipmilagrosconsarnau\/wp-json\/wp\/v2\/types\/post"}],"author":[{"embeddable":true,"href":"https:\/\/agora.xtec.cat\/ceipmilagrosconsarnau\/wp-json\/wp\/v2\/users\/1"}],"replies":[{"embeddable":true,"href":"https:\/\/agora.xtec.cat\/ceipmilagrosconsarnau\/wp-json\/wp\/v2\/comments?post=5391"}],"version-history":[{"count":2,"href":"https:\/\/agora.xtec.cat\/ceipmilagrosconsarnau\/wp-json\/wp\/v2\/posts\/5391\/revisions"}],"predecessor-version":[{"id":5397,"href":"https:\/\/agora.xtec.cat\/ceipmilagrosconsarnau\/wp-json\/wp\/v2\/posts\/5391\/revisions\/5397"}],"wp:featuredmedia":[{"embeddable":true,"href":"https:\/\/agora.xtec.cat\/ceipmilagrosconsarnau\/wp-json\/wp\/v2\/media\/5392"}],"wp:attachment":[{"href":"https:\/\/agora.xtec.cat\/ceipmilagrosconsarnau\/wp-json\/wp\/v2\/media?parent=5391"}],"wp:term":[{"taxonomy":"category","embeddable":true,"href":"https:\/\/agora.xtec.cat\/ceipmilagrosconsarnau\/wp-json\/wp\/v2\/categories?post=5391"},{"taxonomy":"post_tag","embeddable":true,"href":"https:\/\/agora.xtec.cat\/ceipmilagrosconsarnau\/wp-json\/wp\/v2\/tags?post=5391"}],"curies":[{"name":"wp","href":"https:\/\/api.w.org\/{rel}","templated":true}]}}