{"id":5363,"date":"2025-11-06T17:38:02","date_gmt":"2025-11-06T16:38:02","guid":{"rendered":"https:\/\/agora.xtec.cat\/ceipmilagrosconsarnau\/?p=5363"},"modified":"2025-11-06T17:52:35","modified_gmt":"2025-11-06T16:52:35","slug":"celebrem-la-castanyada-i-halloween-a-lescola","status":"publish","type":"post","link":"https:\/\/agora.xtec.cat\/ceipmilagrosconsarnau\/general\/celebrem-la-castanyada-i-halloween-a-lescola\/","title":{"rendered":"Celebrem la Castanyada i Halloween a l\u2019escola!"},"content":{"rendered":"\n<p>A la nostra escola ens agrada mantenir les tradicions i tamb\u00e9 gaudir de noves celebracions. Per aix\u00f2, com cada any vam celebrar la festa de la castanyada i Halloween amb un dia ple d\u2019activitats, emocions i diversi\u00f3 per a tots els infants.<\/p>\n\n\n\n<p>Durant el mat\u00ed, vam rebre la visita de la castanyera, on ens va explicar diferents contes i hist\u00f2ries i vam compartir amb ella un esmorzar, amb fruites i dol\u00e7os t\u00edpics de la tardor. Tamb\u00e9 durant tot el dia vam realitzar activitats relacionades amb aquesta estaci\u00f3.<\/p>\n\n\n\n<p>Per altra banda, ens vam endinsar en un m\u00f3n m\u00e9s m\u00e0gic i misteri\u00f3s amb la festa de Halloween on vam realitzar activitats com<strong> <\/strong>el concurs de carabasses, una gimcana terror\u00edfica plena de reptes divertits i activitats infantils a la caseta de la bruixa.<\/p>\n\n\n\n<p>Va estar un dia ple de somriures, tradici\u00f3 i una mica de misteri! Us deixem un petit <a href=\"https:\/\/drive.google.com\/drive\/folders\/1Hg_RElRE0j3mp31RfYPCoWkwOsUyCxjB\" data-type=\"link\" data-id=\"https:\/\/drive.google.com\/drive\/folders\/1Hg_RElRE0j3mp31RfYPCoWkwOsUyCxjB\">tastet d&#8217;imatges<\/a>! <\/p>\n\n\n\n<figure class=\"wp-block-image size-large is-resized\"><a href=\"https:\/\/agora.xtec.cat\/ceipmilagrosconsarnau\/wp-content\/uploads\/usu532\/2025\/11\/IMG_20251031_094522-1-scaled.jpg\"><img decoding=\"async\" src=\"https:\/\/agora.xtec.cat\/ceipmilagrosconsarnau\/wp-content\/uploads\/usu532\/2025\/11\/IMG_20251031_094522-1-1024x460.jpg\" alt=\"\" class=\"wp-image-5375\" style=\"width:853px;height:auto\"\/><\/a><\/figure>\n\n\n\n<p><\/p>\n","protected":false},"excerpt":{"rendered":"<p>A la nostra escola ens agrada mantenir les tradicions i tamb\u00e9 gaudir de noves celebracions. Per aix\u00f2, com cada any [&hellip;]<\/p>\n","protected":false},"author":1,"featured_media":5372,"comment_status":"open","ping_status":"open","sticky":false,"template":"","format":"standard","meta":{"_bbp_topic_count":0,"_bbp_reply_count":0,"_bbp_total_topic_count":0,"_bbp_total_reply_count":0,"_bbp_voice_count":0,"_bbp_anonymous_reply_count":0,"_bbp_topic_count_hidden":0,"_bbp_reply_count_hidden":0,"_bbp_forum_subforum_count":0,"site-sidebar-layout":"default","site-content-layout":"","ast-site-content-layout":"default","site-content-style":"default","site-sidebar-style":"default","ast-global-header-display":"","ast-banner-title-visibility":"","ast-main-header-display":"","ast-hfb-above-header-display":"","ast-hfb-below-header-display":"","ast-hfb-mobile-header-display":"","site-post-title":"","ast-breadcrumbs-content":"","ast-featured-img":"","footer-sml-layout":"","theme-transparent-header-meta":"","adv-header-id-meta":"","stick-header-meta":"","header-above-stick-meta":"","header-main-stick-meta":"","header-below-stick-meta":"","astra-migrate-meta-layouts":"set","ast-page-background-enabled":"default","ast-page-background-meta":{"desktop":{"background-color":"var(--ast-global-color-4)","background-image":"","background-repeat":"repeat","background-position":"center center","background-size":"auto","background-attachment":"scroll","background-type":"","background-media":"","overlay-type":"","overlay-color":"","overlay-opacity":"","overlay-gradient":""},"tablet":{"background-color":"","background-image":"","background-repeat":"repeat","background-position":"center center","background-size":"auto","background-attachment":"scroll","background-type":"","background-media":"","overlay-type":"","overlay-color":"","overlay-opacity":"","overlay-gradient":""},"mobile":{"background-color":"","background-image":"","background-repeat":"repeat","background-position":"center center","background-size":"auto","background-attachment":"scroll","background-type":"","background-media":"","overlay-type":"","overlay-color":"","overlay-opacity":"","overlay-gradient":""}},"ast-content-background-meta":{"desktop":{"background-color":"var(--ast-global-color-5)","background-image":"","background-repeat":"repeat","background-position":"center center","background-size":"auto","background-attachment":"scroll","background-type":"","background-media":"","overlay-type":"","overlay-color":"","overlay-opacity":"","overlay-gradient":""},"tablet":{"background-color":"var(--ast-global-color-5)","background-image":"","background-repeat":"repeat","background-position":"center center","background-size":"auto","background-attachment":"scroll","background-type":"","background-media":"","overlay-type":"","overlay-color":"","overlay-opacity":"","overlay-gradient":""},"mobile":{"background-color":"var(--ast-global-color-5)","background-image":"","background-repeat":"repeat","background-position":"center center","background-size":"auto","background-attachment":"scroll","background-type":"","background-media":"","overlay-type":"","overlay-color":"","overlay-opacity":"","overlay-gradient":""}},"footnotes":""},"categories":[1,4],"tags":[54,69,72,70,63],"class_list":["post-5363","post","type-post","status-publish","format-standard","has-post-thumbnail","hentry","category-general","category-portada","tag-activitats-alumnat","tag-castanyada","tag-curs-2025-26","tag-halloween","tag-juntesfemescola"],"post_mailing_queue_ids":[],"_links":{"self":[{"href":"https:\/\/agora.xtec.cat\/ceipmilagrosconsarnau\/wp-json\/wp\/v2\/posts\/5363","targetHints":{"allow":["GET"]}}],"collection":[{"href":"https:\/\/agora.xtec.cat\/ceipmilagrosconsarnau\/wp-json\/wp\/v2\/posts"}],"about":[{"href":"https:\/\/agora.xtec.cat\/ceipmilagrosconsarnau\/wp-json\/wp\/v2\/types\/post"}],"author":[{"embeddable":true,"href":"https:\/\/agora.xtec.cat\/ceipmilagrosconsarnau\/wp-json\/wp\/v2\/users\/1"}],"replies":[{"embeddable":true,"href":"https:\/\/agora.xtec.cat\/ceipmilagrosconsarnau\/wp-json\/wp\/v2\/comments?post=5363"}],"version-history":[{"count":2,"href":"https:\/\/agora.xtec.cat\/ceipmilagrosconsarnau\/wp-json\/wp\/v2\/posts\/5363\/revisions"}],"predecessor-version":[{"id":5377,"href":"https:\/\/agora.xtec.cat\/ceipmilagrosconsarnau\/wp-json\/wp\/v2\/posts\/5363\/revisions\/5377"}],"wp:featuredmedia":[{"embeddable":true,"href":"https:\/\/agora.xtec.cat\/ceipmilagrosconsarnau\/wp-json\/wp\/v2\/media\/5372"}],"wp:attachment":[{"href":"https:\/\/agora.xtec.cat\/ceipmilagrosconsarnau\/wp-json\/wp\/v2\/media?parent=5363"}],"wp:term":[{"taxonomy":"category","embeddable":true,"href":"https:\/\/agora.xtec.cat\/ceipmilagrosconsarnau\/wp-json\/wp\/v2\/categories?post=5363"},{"taxonomy":"post_tag","embeddable":true,"href":"https:\/\/agora.xtec.cat\/ceipmilagrosconsarnau\/wp-json\/wp\/v2\/tags?post=5363"}],"curies":[{"name":"wp","href":"https:\/\/api.w.org\/{rel}","templated":true}]}}