{"id":5291,"date":"2025-06-20T10:52:23","date_gmt":"2025-06-20T08:52:23","guid":{"rendered":"https:\/\/agora.xtec.cat\/ceipmilagrosconsarnau\/?p=5291"},"modified":"2025-06-20T10:52:59","modified_gmt":"2025-06-20T08:52:59","slug":"%f0%9f%8e%b6-tastets-musicals-destiu-%f0%9f%8e%b6","status":"publish","type":"post","link":"https:\/\/agora.xtec.cat\/ceipmilagrosconsarnau\/general\/%f0%9f%8e%b6-tastets-musicals-destiu-%f0%9f%8e%b6\/","title":{"rendered":"\ud83c\udfb6 Tastets Musicals d\u2019Estiu \ud83c\udfb6"},"content":{"rendered":"\n<p><\/p>\n\n\n\n<p>Durant aquests darrers dies, els infants d\u2019I5 fins a 4t han tingut l\u2019oportunitat de gaudir dels <strong>Tastets Musicals d\u2019Estiu<\/strong>, una petita mostra del treball fet al llarg del curs a l\u2019\u00e0rea de m\u00fasica.<\/p>\n\n\n\n<p>Els nens i nenes d\u2019<strong>I5<\/strong> s\u2019han iniciat en el m\u00f3n musical aquest curs, i han viscut el seu primer tastet amb molta il\u00b7lusi\u00f3. De <strong>1r a 4t<\/strong>, han compartit una proposta m\u00e9s completa, combinant <strong>expressi\u00f3 corporal i interpretaci\u00f3 instrumental<\/strong>, mostrant tot all\u00f2 que han apr\u00e8s amb esfor\u00e7 i entusiasme.<\/p>\n\n\n\n<p>Treballar la m\u00fasica a l\u2019aula va molt m\u00e9s enll\u00e0 de tocar instruments o cantar. La m\u00fasica ajuda a potenciar la <strong>concentraci\u00f3<\/strong>, <strong>l\u2019atenci\u00f3<\/strong>, <strong>l\u2019escolta activa<\/strong>, i fomenta el <strong>respecte i la coordinaci\u00f3 amb els altres<\/strong>. A m\u00e9s, \u00e9s una eina poderosa per <strong>expressar emocions i gaudir en col\u00b7lectiu<\/strong>.<\/p>\n\n\n\n<p>Us deixem a continuaci\u00f3 els <a href=\"https:\/\/drive.google.com\/drive\/folders\/1WbjIRAhGi5D00BYiAKsPXrFwDHz4LbTe?usp=sharing\"><strong>v\u00eddeos de cada tastet<\/strong>,<\/a> perqu\u00e8 pugueu reviure aquests moments tan especials en fam\u00edlia.<\/p>\n\n\n\n<p><br>\ud83d\udcbb\ud83c\udfa5 Desitgem que els gaudiu tant com ho vam fer nosaltres aquell dia!<\/p>\n\n\n\n<figure class=\"wp-block-image size-full is-resized\"><a href=\"https:\/\/agora.xtec.cat\/ceipmilagrosconsarnau\/wp-content\/uploads\/usu532\/2025\/06\/musica.jpg\"><img loading=\"lazy\" decoding=\"async\" width=\"613\" height=\"490\" src=\"https:\/\/agora.xtec.cat\/ceipmilagrosconsarnau\/wp-content\/uploads\/usu532\/2025\/06\/musica.jpg\" alt=\"\" class=\"wp-image-5292\" style=\"width:555px;height:auto\" srcset=\"https:\/\/agora.xtec.cat\/ceipmilagrosconsarnau\/wp-content\/uploads\/usu532\/2025\/06\/musica.jpg 613w, https:\/\/agora.xtec.cat\/ceipmilagrosconsarnau\/wp-content\/uploads\/usu532\/2025\/06\/musica-300x240.jpg 300w\" sizes=\"auto, (max-width: 613px) 100vw, 613px\" \/><\/a><\/figure>\n\n\n\n<p><\/p>\n","protected":false},"excerpt":{"rendered":"<p>Durant aquests darrers dies, els infants d\u2019I5 fins a 4t han tingut l\u2019oportunitat de gaudir dels Tastets Musicals d\u2019Estiu, una [&hellip;]<\/p>\n","protected":false},"author":1,"featured_media":5292,"comment_status":"open","ping_status":"open","sticky":false,"template":"","format":"standard","meta":{"_bbp_topic_count":0,"_bbp_reply_count":0,"_bbp_total_topic_count":0,"_bbp_total_reply_count":0,"_bbp_voice_count":0,"_bbp_anonymous_reply_count":0,"_bbp_topic_count_hidden":0,"_bbp_reply_count_hidden":0,"_bbp_forum_subforum_count":0,"site-sidebar-layout":"default","site-content-layout":"","ast-site-content-layout":"default","site-content-style":"default","site-sidebar-style":"default","ast-global-header-display":"","ast-banner-title-visibility":"","ast-main-header-display":"","ast-hfb-above-header-display":"","ast-hfb-below-header-display":"","ast-hfb-mobile-header-display":"","site-post-title":"","ast-breadcrumbs-content":"","ast-featured-img":"disabled","footer-sml-layout":"","theme-transparent-header-meta":"","adv-header-id-meta":"","stick-header-meta":"","header-above-stick-meta":"","header-main-stick-meta":"","header-below-stick-meta":"","astra-migrate-meta-layouts":"set","ast-page-background-enabled":"default","ast-page-background-meta":{"desktop":{"background-color":"var(--ast-global-color-4)","background-image":"","background-repeat":"repeat","background-position":"center center","background-size":"auto","background-attachment":"scroll","background-type":"","background-media":"","overlay-type":"","overlay-color":"","overlay-opacity":"","overlay-gradient":""},"tablet":{"background-color":"","background-image":"","background-repeat":"repeat","background-position":"center center","background-size":"auto","background-attachment":"scroll","background-type":"","background-media":"","overlay-type":"","overlay-color":"","overlay-opacity":"","overlay-gradient":""},"mobile":{"background-color":"","background-image":"","background-repeat":"repeat","background-position":"center center","background-size":"auto","background-attachment":"scroll","background-type":"","background-media":"","overlay-type":"","overlay-color":"","overlay-opacity":"","overlay-gradient":""}},"ast-content-background-meta":{"desktop":{"background-color":"var(--ast-global-color-5)","background-image":"","background-repeat":"repeat","background-position":"center center","background-size":"auto","background-attachment":"scroll","background-type":"","background-media":"","overlay-type":"","overlay-color":"","overlay-opacity":"","overlay-gradient":""},"tablet":{"background-color":"var(--ast-global-color-5)","background-image":"","background-repeat":"repeat","background-position":"center center","background-size":"auto","background-attachment":"scroll","background-type":"","background-media":"","overlay-type":"","overlay-color":"","overlay-opacity":"","overlay-gradient":""},"mobile":{"background-color":"var(--ast-global-color-5)","background-image":"","background-repeat":"repeat","background-position":"center center","background-size":"auto","background-attachment":"scroll","background-type":"","background-media":"","overlay-type":"","overlay-color":"","overlay-opacity":"","overlay-gradient":""}},"footnotes":""},"categories":[1,4],"tags":[54,62,63],"class_list":["post-5291","post","type-post","status-publish","format-standard","has-post-thumbnail","hentry","category-general","category-portada","tag-activitats-alumnat","tag-escola-compromesa","tag-juntesfemescola"],"post_mailing_queue_ids":[],"_links":{"self":[{"href":"https:\/\/agora.xtec.cat\/ceipmilagrosconsarnau\/wp-json\/wp\/v2\/posts\/5291","targetHints":{"allow":["GET"]}}],"collection":[{"href":"https:\/\/agora.xtec.cat\/ceipmilagrosconsarnau\/wp-json\/wp\/v2\/posts"}],"about":[{"href":"https:\/\/agora.xtec.cat\/ceipmilagrosconsarnau\/wp-json\/wp\/v2\/types\/post"}],"author":[{"embeddable":true,"href":"https:\/\/agora.xtec.cat\/ceipmilagrosconsarnau\/wp-json\/wp\/v2\/users\/1"}],"replies":[{"embeddable":true,"href":"https:\/\/agora.xtec.cat\/ceipmilagrosconsarnau\/wp-json\/wp\/v2\/comments?post=5291"}],"version-history":[{"count":2,"href":"https:\/\/agora.xtec.cat\/ceipmilagrosconsarnau\/wp-json\/wp\/v2\/posts\/5291\/revisions"}],"predecessor-version":[{"id":5294,"href":"https:\/\/agora.xtec.cat\/ceipmilagrosconsarnau\/wp-json\/wp\/v2\/posts\/5291\/revisions\/5294"}],"wp:featuredmedia":[{"embeddable":true,"href":"https:\/\/agora.xtec.cat\/ceipmilagrosconsarnau\/wp-json\/wp\/v2\/media\/5292"}],"wp:attachment":[{"href":"https:\/\/agora.xtec.cat\/ceipmilagrosconsarnau\/wp-json\/wp\/v2\/media?parent=5291"}],"wp:term":[{"taxonomy":"category","embeddable":true,"href":"https:\/\/agora.xtec.cat\/ceipmilagrosconsarnau\/wp-json\/wp\/v2\/categories?post=5291"},{"taxonomy":"post_tag","embeddable":true,"href":"https:\/\/agora.xtec.cat\/ceipmilagrosconsarnau\/wp-json\/wp\/v2\/tags?post=5291"}],"curies":[{"name":"wp","href":"https:\/\/api.w.org\/{rel}","templated":true}]}}