{"id":5266,"date":"2025-06-09T21:22:57","date_gmt":"2025-06-09T19:22:57","guid":{"rendered":"https:\/\/agora.xtec.cat\/ceipmilagrosconsarnau\/?p=5266"},"modified":"2025-06-09T21:22:58","modified_gmt":"2025-06-09T19:22:58","slug":"cuidem-nos-un-projecte-dintercanvi-entre-generacions","status":"publish","type":"post","link":"https:\/\/agora.xtec.cat\/ceipmilagrosconsarnau\/general\/cuidem-nos-un-projecte-dintercanvi-entre-generacions\/","title":{"rendered":"Cuidem-nos: un projecte d&#8217;intercanvi entre generacions"},"content":{"rendered":"\n<p>A l\u2019escola estem compromesos amb l\u2019educaci\u00f3 integral dels nostres alumnes, i aix\u00f2 inclou fomentar valors com l\u2019empatia, el respecte i la solidaritat. En aquest marc, al llarg del curs desenvolupem el projecte\u00a0<strong>Cuidem-nos<\/strong>, una iniciativa que ens omple d\u2019orgull i que duem a terme conjuntament amb la resid\u00e8ncia de gent gran\u00a0<strong>Prytanis<\/strong>.<br><\/p>\n\n\n\n<p>Aquest projecte el lidera l\u2019alumnat de\u00a0<strong>cicle superior<\/strong>, que participa en diverses trobades amb les persones grans residents a la resid\u00e8ncia. Aquestes trobades s\u00f3n molt especials: hi juguem, expliquem contes, compartim hist\u00f2ries de vida, fem tallers de manualitats, m\u00fasica, cuina&#8230; Tot plegat esdev\u00e9 un espai d\u2019intercanvi intergeneracional ric i transformador.<br><\/p>\n\n\n\n<p>Per tal de garantir la continu\u00eftat del projecte, a final de curs s\u00f3n els nens i nenes de\u00a0<strong>4t<\/strong>\u00a0qui visiten la resid\u00e8ncia. Aquesta primera presa de contacte els permet con\u00e8ixer de prop qu\u00e8 fan els companys de cicle superior i comen\u00e7ar a preparar-se per viure l\u2019experi\u00e8ncia el curs seg\u00fcent.<br><\/p>\n\n\n\n<p><strong>Els beneficis del projecte s\u00f3n molts i diversos:<\/strong><br>\ud83e\udde0\u00a0<strong>Per a l\u2019alumnat<\/strong>, el projecte \u00e9s una oportunitat per desenvolupar habilitats socials i comunicatives, fomentar l\u2019educaci\u00f3 emocional i desfer estereotips sobre la vellesa. Aprenen a escoltar, a cuidar i a posar-se al lloc de l\u2019altre.<br>\ud83d\udc9b\u00a0<strong>Per a les persones grans<\/strong>, representa una font de companyia, alegria i vitalitat. Les trobades amb els infants aporten il\u00b7lusi\u00f3, trenquen la rutina i reforcen el sentiment de pertinen\u00e7a i reconeixement.<br>\ud83c\udf31\u00a0<strong>Per a la comunitat educativa<\/strong>,\u00a0<em>Cuidem-nos<\/em>\u00a0refor\u00e7a els vincles entre escola i entorn, posant en valor una educaci\u00f3 arrelada, compromesa i humana.<br>Amb\u00a0<em>Cuidem-nos<\/em>, creem vincles reals i significatius entre generacions. Aprenem que cuidar-nos \u00e9s escoltar-nos, mirar-nos amb afecte i cr\u00e9ixer junts.<\/p>\n\n\n\n<p>Us deixem un <a href=\"https:\/\/photos.app.goo.gl\/Xwd4XZ9w1AEHcYoJ9\">petit tastet<\/a>  d&#8217;aquesta primera trobada tan especial.<\/p>\n\n\n\n<p><\/p>\n","protected":false},"excerpt":{"rendered":"<p>A l\u2019escola estem compromesos amb l\u2019educaci\u00f3 integral dels nostres alumnes, i aix\u00f2 inclou fomentar valors com l\u2019empatia, el respecte i [&hellip;]<\/p>\n","protected":false},"author":1,"featured_media":5268,"comment_status":"open","ping_status":"open","sticky":false,"template":"","format":"standard","meta":{"_bbp_topic_count":0,"_bbp_reply_count":0,"_bbp_total_topic_count":0,"_bbp_total_reply_count":0,"_bbp_voice_count":0,"_bbp_anonymous_reply_count":0,"_bbp_topic_count_hidden":0,"_bbp_reply_count_hidden":0,"_bbp_forum_subforum_count":0,"site-sidebar-layout":"default","site-content-layout":"","ast-site-content-layout":"default","site-content-style":"default","site-sidebar-style":"default","ast-global-header-display":"","ast-banner-title-visibility":"","ast-main-header-display":"","ast-hfb-above-header-display":"","ast-hfb-below-header-display":"","ast-hfb-mobile-header-display":"","site-post-title":"","ast-breadcrumbs-content":"","ast-featured-img":"disabled","footer-sml-layout":"","theme-transparent-header-meta":"","adv-header-id-meta":"","stick-header-meta":"","header-above-stick-meta":"","header-main-stick-meta":"","header-below-stick-meta":"","astra-migrate-meta-layouts":"set","ast-page-background-enabled":"default","ast-page-background-meta":{"desktop":{"background-color":"var(--ast-global-color-4)","background-image":"","background-repeat":"repeat","background-position":"center center","background-size":"auto","background-attachment":"scroll","background-type":"","background-media":"","overlay-type":"","overlay-color":"","overlay-opacity":"","overlay-gradient":""},"tablet":{"background-color":"","background-image":"","background-repeat":"repeat","background-position":"center center","background-size":"auto","background-attachment":"scroll","background-type":"","background-media":"","overlay-type":"","overlay-color":"","overlay-opacity":"","overlay-gradient":""},"mobile":{"background-color":"","background-image":"","background-repeat":"repeat","background-position":"center center","background-size":"auto","background-attachment":"scroll","background-type":"","background-media":"","overlay-type":"","overlay-color":"","overlay-opacity":"","overlay-gradient":""}},"ast-content-background-meta":{"desktop":{"background-color":"var(--ast-global-color-5)","background-image":"","background-repeat":"repeat","background-position":"center center","background-size":"auto","background-attachment":"scroll","background-type":"","background-media":"","overlay-type":"","overlay-color":"","overlay-opacity":"","overlay-gradient":""},"tablet":{"background-color":"var(--ast-global-color-5)","background-image":"","background-repeat":"repeat","background-position":"center center","background-size":"auto","background-attachment":"scroll","background-type":"","background-media":"","overlay-type":"","overlay-color":"","overlay-opacity":"","overlay-gradient":""},"mobile":{"background-color":"var(--ast-global-color-5)","background-image":"","background-repeat":"repeat","background-position":"center center","background-size":"auto","background-attachment":"scroll","background-type":"","background-media":"","overlay-type":"","overlay-color":"","overlay-opacity":"","overlay-gradient":""}},"footnotes":""},"categories":[1,4],"tags":[54,62,63],"class_list":["post-5266","post","type-post","status-publish","format-standard","has-post-thumbnail","hentry","category-general","category-portada","tag-activitats-alumnat","tag-escola-compromesa","tag-juntesfemescola"],"post_mailing_queue_ids":[],"_links":{"self":[{"href":"https:\/\/agora.xtec.cat\/ceipmilagrosconsarnau\/wp-json\/wp\/v2\/posts\/5266","targetHints":{"allow":["GET"]}}],"collection":[{"href":"https:\/\/agora.xtec.cat\/ceipmilagrosconsarnau\/wp-json\/wp\/v2\/posts"}],"about":[{"href":"https:\/\/agora.xtec.cat\/ceipmilagrosconsarnau\/wp-json\/wp\/v2\/types\/post"}],"author":[{"embeddable":true,"href":"https:\/\/agora.xtec.cat\/ceipmilagrosconsarnau\/wp-json\/wp\/v2\/users\/1"}],"replies":[{"embeddable":true,"href":"https:\/\/agora.xtec.cat\/ceipmilagrosconsarnau\/wp-json\/wp\/v2\/comments?post=5266"}],"version-history":[{"count":1,"href":"https:\/\/agora.xtec.cat\/ceipmilagrosconsarnau\/wp-json\/wp\/v2\/posts\/5266\/revisions"}],"predecessor-version":[{"id":5269,"href":"https:\/\/agora.xtec.cat\/ceipmilagrosconsarnau\/wp-json\/wp\/v2\/posts\/5266\/revisions\/5269"}],"wp:featuredmedia":[{"embeddable":true,"href":"https:\/\/agora.xtec.cat\/ceipmilagrosconsarnau\/wp-json\/wp\/v2\/media\/5268"}],"wp:attachment":[{"href":"https:\/\/agora.xtec.cat\/ceipmilagrosconsarnau\/wp-json\/wp\/v2\/media?parent=5266"}],"wp:term":[{"taxonomy":"category","embeddable":true,"href":"https:\/\/agora.xtec.cat\/ceipmilagrosconsarnau\/wp-json\/wp\/v2\/categories?post=5266"},{"taxonomy":"post_tag","embeddable":true,"href":"https:\/\/agora.xtec.cat\/ceipmilagrosconsarnau\/wp-json\/wp\/v2\/tags?post=5266"}],"curies":[{"name":"wp","href":"https:\/\/api.w.org\/{rel}","templated":true}]}}