{"id":4956,"date":"2025-02-02T11:33:45","date_gmt":"2025-02-02T10:33:45","guid":{"rendered":"https:\/\/agora.xtec.cat\/ceipmilagrosconsarnau\/?p=4956"},"modified":"2025-02-02T11:38:33","modified_gmt":"2025-02-02T10:38:33","slug":"30-de-gener-dia-escolar-de-la-no-violencia-i-la-pau","status":"publish","type":"post","link":"https:\/\/agora.xtec.cat\/ceipmilagrosconsarnau\/general\/30-de-gener-dia-escolar-de-la-no-violencia-i-la-pau\/","title":{"rendered":"30 de gener: Dia Escolar de la No-viol\u00e8ncia i la Pau"},"content":{"rendered":"\n<figure class=\"wp-block-pullquote\"><blockquote><p>&#8220;No hi ha cam\u00ed per a la pau, la pau \u00e9s el cam\u00ed.&#8221;<\/p><cite>Mahatma Gandhi<\/cite><\/blockquote><\/figure>\n\n\n\n<p>El passat 30 de gener, a la nostra escola vam celebrar el Dia Escolar de la No-viol\u00e8ncia i la Pau amb una activitat molt especial que va implicar tota la comunitat educativa. Al llarg de la setmana, els infants de tots els cursos vam treballar conjuntament per construir la nostra&nbsp;<strong>Porta de la Pau<\/strong>, un s\u00edmbol d&#8217;uni\u00f3 i comprom\u00eds amb un m\u00f3n millor.<\/p>\n\n\n\n<p>A la tarda del dijous 30, en sortir al pati, vam travessar aquesta porta com a gest de comprom\u00eds amb la pau i la conviv\u00e8ncia. Un cop tots i totes vam ser al pati, vam llegir el&nbsp;<strong>Manifest de la Pau<\/strong>, reflexionant sobre la import\u00e0ncia de la no-viol\u00e8ncia i el respecte entre totes les persones. Per acabar la jornada, vam cantar la can\u00e7\u00f3 que any rere any ens recorda la necessitat de treballar per un m\u00f3n m\u00e9s just i harmoni\u00f3s.<\/p>\n\n\n\n<p>Us deixem un petit tastet del proc\u00e9s de construcci\u00f3 de la&nbsp;<strong>Porta de la Pau<\/strong> i el pas per aquesta, que ha estat una experi\u00e8ncia enriquidora de treball en equip, creativitat i valors compartits.<\/p>\n\n\n<p><a href=\"https:\/\/photos.app.goo.gl\/nnNepVir8V2id2qEA\" target=\"_blank\" rel=\"noopener\">V\u00eddeo pas per la porta de la Pau<\/a><\/p>\n<p><a href=\"https:\/\/photos.app.goo.gl\/YQkrUUYJRUZ8uE1G7\" target=\"_blank\" rel=\"noopener\">Imatges elaboraci\u00f3 porta i dia de la Pau<\/a><\/p>\n\n\n<p>Gr\u00e0cies a tots i totes per fer d&#8217;aquest dia un moment tan especial i ple de significat!<\/p>\n\n\n<p><a href=\"https:\/\/agora.xtec.cat\/ceipmilagrosconsarnau\/wp-content\/uploads\/usu532\/2025\/02\/Captura-de-pantalla-2025-02-02-a-les-11.06.00.png\" target=\"_blank\" rel=\"noopener\"><img loading=\"lazy\" decoding=\"async\" class=\"aligncenter wp-image-4957\" src=\"https:\/\/agora.xtec.cat\/ceipmilagrosconsarnau\/wp-content\/uploads\/usu532\/2025\/02\/Captura-de-pantalla-2025-02-02-a-les-11.06.00-1024x689.png\" alt=\"\" width=\"437\" height=\"294\" \/><\/a><\/p>","protected":false},"excerpt":{"rendered":"<p>&#8220;No hi ha cam\u00ed per a la pau, la pau \u00e9s el cam\u00ed.&#8221; Mahatma Gandhi El passat 30 de gener, [&hellip;]<\/p>\n","protected":false},"author":1,"featured_media":4957,"comment_status":"open","ping_status":"open","sticky":false,"template":"","format":"standard","meta":{"_bbp_topic_count":0,"_bbp_reply_count":0,"_bbp_total_topic_count":0,"_bbp_total_reply_count":0,"_bbp_voice_count":0,"_bbp_anonymous_reply_count":0,"_bbp_topic_count_hidden":0,"_bbp_reply_count_hidden":0,"_bbp_forum_subforum_count":0,"site-sidebar-layout":"default","site-content-layout":"","ast-site-content-layout":"default","site-content-style":"default","site-sidebar-style":"default","ast-global-header-display":"","ast-banner-title-visibility":"","ast-main-header-display":"","ast-hfb-above-header-display":"","ast-hfb-below-header-display":"","ast-hfb-mobile-header-display":"","site-post-title":"","ast-breadcrumbs-content":"","ast-featured-img":"disabled","footer-sml-layout":"","theme-transparent-header-meta":"","adv-header-id-meta":"","stick-header-meta":"","header-above-stick-meta":"","header-main-stick-meta":"","header-below-stick-meta":"","astra-migrate-meta-layouts":"set","ast-page-background-enabled":"default","ast-page-background-meta":{"desktop":{"background-color":"var(--ast-global-color-4)","background-image":"","background-repeat":"repeat","background-position":"center center","background-size":"auto","background-attachment":"scroll","background-type":"","background-media":"","overlay-type":"","overlay-color":"","overlay-opacity":"","overlay-gradient":""},"tablet":{"background-color":"","background-image":"","background-repeat":"repeat","background-position":"center center","background-size":"auto","background-attachment":"scroll","background-type":"","background-media":"","overlay-type":"","overlay-color":"","overlay-opacity":"","overlay-gradient":""},"mobile":{"background-color":"","background-image":"","background-repeat":"repeat","background-position":"center center","background-size":"auto","background-attachment":"scroll","background-type":"","background-media":"","overlay-type":"","overlay-color":"","overlay-opacity":"","overlay-gradient":""}},"ast-content-background-meta":{"desktop":{"background-color":"var(--ast-global-color-5)","background-image":"","background-repeat":"repeat","background-position":"center center","background-size":"auto","background-attachment":"scroll","background-type":"","background-media":"","overlay-type":"","overlay-color":"","overlay-opacity":"","overlay-gradient":""},"tablet":{"background-color":"var(--ast-global-color-5)","background-image":"","background-repeat":"repeat","background-position":"center center","background-size":"auto","background-attachment":"scroll","background-type":"","background-media":"","overlay-type":"","overlay-color":"","overlay-opacity":"","overlay-gradient":""},"mobile":{"background-color":"var(--ast-global-color-5)","background-image":"","background-repeat":"repeat","background-position":"center center","background-size":"auto","background-attachment":"scroll","background-type":"","background-media":"","overlay-type":"","overlay-color":"","overlay-opacity":"","overlay-gradient":""}},"footnotes":""},"categories":[1,4],"tags":[54,55],"class_list":["post-4956","post","type-post","status-publish","format-standard","has-post-thumbnail","hentry","category-general","category-portada","tag-activitats-alumnat","tag-dia-de-la-pau"],"post_mailing_queue_ids":[],"_links":{"self":[{"href":"https:\/\/agora.xtec.cat\/ceipmilagrosconsarnau\/wp-json\/wp\/v2\/posts\/4956","targetHints":{"allow":["GET"]}}],"collection":[{"href":"https:\/\/agora.xtec.cat\/ceipmilagrosconsarnau\/wp-json\/wp\/v2\/posts"}],"about":[{"href":"https:\/\/agora.xtec.cat\/ceipmilagrosconsarnau\/wp-json\/wp\/v2\/types\/post"}],"author":[{"embeddable":true,"href":"https:\/\/agora.xtec.cat\/ceipmilagrosconsarnau\/wp-json\/wp\/v2\/users\/1"}],"replies":[{"embeddable":true,"href":"https:\/\/agora.xtec.cat\/ceipmilagrosconsarnau\/wp-json\/wp\/v2\/comments?post=4956"}],"version-history":[{"count":3,"href":"https:\/\/agora.xtec.cat\/ceipmilagrosconsarnau\/wp-json\/wp\/v2\/posts\/4956\/revisions"}],"predecessor-version":[{"id":4960,"href":"https:\/\/agora.xtec.cat\/ceipmilagrosconsarnau\/wp-json\/wp\/v2\/posts\/4956\/revisions\/4960"}],"wp:featuredmedia":[{"embeddable":true,"href":"https:\/\/agora.xtec.cat\/ceipmilagrosconsarnau\/wp-json\/wp\/v2\/media\/4957"}],"wp:attachment":[{"href":"https:\/\/agora.xtec.cat\/ceipmilagrosconsarnau\/wp-json\/wp\/v2\/media?parent=4956"}],"wp:term":[{"taxonomy":"category","embeddable":true,"href":"https:\/\/agora.xtec.cat\/ceipmilagrosconsarnau\/wp-json\/wp\/v2\/categories?post=4956"},{"taxonomy":"post_tag","embeddable":true,"href":"https:\/\/agora.xtec.cat\/ceipmilagrosconsarnau\/wp-json\/wp\/v2\/tags?post=4956"}],"curies":[{"name":"wp","href":"https:\/\/api.w.org\/{rel}","templated":true}]}}