{"id":4575,"date":"2024-02-03T11:42:08","date_gmt":"2024-02-03T10:42:08","guid":{"rendered":"https:\/\/agora.xtec.cat\/ceipmilagrosconsarnau\/?p=4575"},"modified":"2024-02-03T11:42:08","modified_gmt":"2024-02-03T10:42:08","slug":"dia-escola-de-la-no-violencia-i-la-pau","status":"publish","type":"post","link":"https:\/\/agora.xtec.cat\/ceipmilagrosconsarnau\/general\/dia-escola-de-la-no-violencia-i-la-pau\/","title":{"rendered":"DIA ESCOLA DE LA NO VIOL\u00c8NCIA I LA PAU"},"content":{"rendered":"<p>Cada 30 de gener se celebra el DIA ESCOLA DE LA NO-VIOL\u00c8NCIA I LA PAU.<\/p>\n<p>Al llarg d&#8217;aquests dies, i des dels diferents cicles, hem volgut crear espais<strong> encara m\u00e9s reflexius, cr\u00edtics i actius, per a la propagaci\u00f3 dels valors de la pau i de la solidaritat <\/strong>mitjan\u00e7ant converses a les rotllanes i cercles de di\u00e0legs, visualitzant curtmetratges sobre l&#8217;amistat, empatia, cadena de favors, etc. Aix\u00ed com treballat el conte de L&#8217;interrogant gegant i creat un mural, tamb\u00e9 hem realitzat diferents din\u00e0miques grupals.<\/p>\n<p>Creiem que \u00e9s important treballar aquests valors cada dia i celebrar aquest dia 30 de gener ens ajuda a donar-li la import\u00e0ncia que es mereix. A m\u00e9s, a nivell de centre, hem anat penjant al porxo de l&#8217;escola els nostres desitjos perqu\u00e8 volem un m\u00f3n ple de pau, amor i respecte.<\/p>\n<p>Us deixem un tastet de les activitats i de la can\u00e7\u00f3 del nostre himne per la pau.<\/p>\n<p><strong><a href=\"https:\/\/photos.app.goo.gl\/rUC3Eb4LgdXa1bPD6\" target=\"_blank\" rel=\"noopener\"><span style=\"color: #339966;\">Tastet d&#8217;activitats<\/span> <\/a><\/strong><\/p>\n<p><a href=\"https:\/\/agora.xtec.cat\/ceipmilagrosconsarnau\/wp-content\/uploads\/usu532\/2024\/02\/6b483628-5914-4698-b1d7-b57d3d538615.jpg\"><img loading=\"lazy\" decoding=\"async\" class=\"aligncenter size-full wp-image-4576\" src=\"https:\/\/agora.xtec.cat\/ceipmilagrosconsarnau\/wp-content\/uploads\/usu532\/2024\/02\/6b483628-5914-4698-b1d7-b57d3d538615.jpg\" alt=\"\" width=\"985\" height=\"674\" srcset=\"https:\/\/agora.xtec.cat\/ceipmilagrosconsarnau\/wp-content\/uploads\/usu532\/2024\/02\/6b483628-5914-4698-b1d7-b57d3d538615.jpg 985w, https:\/\/agora.xtec.cat\/ceipmilagrosconsarnau\/wp-content\/uploads\/usu532\/2024\/02\/6b483628-5914-4698-b1d7-b57d3d538615-300x205.jpg 300w, https:\/\/agora.xtec.cat\/ceipmilagrosconsarnau\/wp-content\/uploads\/usu532\/2024\/02\/6b483628-5914-4698-b1d7-b57d3d538615-768x526.jpg 768w\" sizes=\"auto, (max-width: 985px) 100vw, 985px\" \/><\/a><\/p>\n","protected":false},"excerpt":{"rendered":"<p>Cada 30 de gener se celebra el DIA ESCOLA DE LA NO-VIOL\u00c8NCIA I LA PAU. Al llarg d&#8217;aquests dies, i [&hellip;]<\/p>\n","protected":false},"author":1,"featured_media":4576,"comment_status":"open","ping_status":"closed","sticky":false,"template":"","format":"standard","meta":{"_bbp_topic_count":0,"_bbp_reply_count":0,"_bbp_total_topic_count":0,"_bbp_total_reply_count":0,"_bbp_voice_count":0,"_bbp_anonymous_reply_count":0,"_bbp_topic_count_hidden":0,"_bbp_reply_count_hidden":0,"_bbp_forum_subforum_count":0,"site-sidebar-layout":"default","site-content-layout":"","ast-site-content-layout":"","site-content-style":"default","site-sidebar-style":"default","ast-global-header-display":"","ast-banner-title-visibility":"","ast-main-header-display":"","ast-hfb-above-header-display":"","ast-hfb-below-header-display":"","ast-hfb-mobile-header-display":"","site-post-title":"","ast-breadcrumbs-content":"","ast-featured-img":"","footer-sml-layout":"","theme-transparent-header-meta":"","adv-header-id-meta":"","stick-header-meta":"","header-above-stick-meta":"","header-main-stick-meta":"","header-below-stick-meta":"","astra-migrate-meta-layouts":"default","ast-page-background-enabled":"default","ast-page-background-meta":{"desktop":{"background-color":"var(--ast-global-color-4)","background-image":"","background-repeat":"repeat","background-position":"center center","background-size":"auto","background-attachment":"scroll","background-type":"","background-media":"","overlay-type":"","overlay-color":"","overlay-opacity":"","overlay-gradient":""},"tablet":{"background-color":"","background-image":"","background-repeat":"repeat","background-position":"center center","background-size":"auto","background-attachment":"scroll","background-type":"","background-media":"","overlay-type":"","overlay-color":"","overlay-opacity":"","overlay-gradient":""},"mobile":{"background-color":"","background-image":"","background-repeat":"repeat","background-position":"center center","background-size":"auto","background-attachment":"scroll","background-type":"","background-media":"","overlay-type":"","overlay-color":"","overlay-opacity":"","overlay-gradient":""}},"ast-content-background-meta":{"desktop":{"background-color":"var(--ast-global-color-5)","background-image":"","background-repeat":"repeat","background-position":"center center","background-size":"auto","background-attachment":"scroll","background-type":"","background-media":"","overlay-type":"","overlay-color":"","overlay-opacity":"","overlay-gradient":""},"tablet":{"background-color":"var(--ast-global-color-5)","background-image":"","background-repeat":"repeat","background-position":"center center","background-size":"auto","background-attachment":"scroll","background-type":"","background-media":"","overlay-type":"","overlay-color":"","overlay-opacity":"","overlay-gradient":""},"mobile":{"background-color":"var(--ast-global-color-5)","background-image":"","background-repeat":"repeat","background-position":"center center","background-size":"auto","background-attachment":"scroll","background-type":"","background-media":"","overlay-type":"","overlay-color":"","overlay-opacity":"","overlay-gradient":""}},"footnotes":""},"categories":[1],"tags":[],"class_list":["post-4575","post","type-post","status-publish","format-standard","has-post-thumbnail","hentry","category-general"],"post_mailing_queue_ids":[],"_links":{"self":[{"href":"https:\/\/agora.xtec.cat\/ceipmilagrosconsarnau\/wp-json\/wp\/v2\/posts\/4575","targetHints":{"allow":["GET"]}}],"collection":[{"href":"https:\/\/agora.xtec.cat\/ceipmilagrosconsarnau\/wp-json\/wp\/v2\/posts"}],"about":[{"href":"https:\/\/agora.xtec.cat\/ceipmilagrosconsarnau\/wp-json\/wp\/v2\/types\/post"}],"author":[{"embeddable":true,"href":"https:\/\/agora.xtec.cat\/ceipmilagrosconsarnau\/wp-json\/wp\/v2\/users\/1"}],"replies":[{"embeddable":true,"href":"https:\/\/agora.xtec.cat\/ceipmilagrosconsarnau\/wp-json\/wp\/v2\/comments?post=4575"}],"version-history":[{"count":2,"href":"https:\/\/agora.xtec.cat\/ceipmilagrosconsarnau\/wp-json\/wp\/v2\/posts\/4575\/revisions"}],"predecessor-version":[{"id":4578,"href":"https:\/\/agora.xtec.cat\/ceipmilagrosconsarnau\/wp-json\/wp\/v2\/posts\/4575\/revisions\/4578"}],"wp:featuredmedia":[{"embeddable":true,"href":"https:\/\/agora.xtec.cat\/ceipmilagrosconsarnau\/wp-json\/wp\/v2\/media\/4576"}],"wp:attachment":[{"href":"https:\/\/agora.xtec.cat\/ceipmilagrosconsarnau\/wp-json\/wp\/v2\/media?parent=4575"}],"wp:term":[{"taxonomy":"category","embeddable":true,"href":"https:\/\/agora.xtec.cat\/ceipmilagrosconsarnau\/wp-json\/wp\/v2\/categories?post=4575"},{"taxonomy":"post_tag","embeddable":true,"href":"https:\/\/agora.xtec.cat\/ceipmilagrosconsarnau\/wp-json\/wp\/v2\/tags?post=4575"}],"curies":[{"name":"wp","href":"https:\/\/api.w.org\/{rel}","templated":true}]}}