{"id":3785,"date":"2022-05-10T17:56:39","date_gmt":"2022-05-10T15:56:39","guid":{"rendered":"https:\/\/agora.xtec.cat\/ceipmilagrosconsarnau\/?p=3785"},"modified":"2022-05-10T17:56:39","modified_gmt":"2022-05-10T15:56:39","slug":"taller-prevencio-violencia-masclista","status":"publish","type":"post","link":"https:\/\/agora.xtec.cat\/ceipmilagrosconsarnau\/general\/taller-prevencio-violencia-masclista\/","title":{"rendered":"Taller Prevenci\u00f3 viol\u00e8ncia masclista"},"content":{"rendered":"<div class=\"gmail_default\">Dins el projecte de conviv\u00e8ncia, estem realitzant un\u00a0<span class=\"il\">taller<\/span>\u00a0formatiu de prevenci\u00f3 de\u00a0<span class=\"il\">viol\u00e8ncia<\/span>\u00a0<span class=\"il\">masclista<\/span>\u00a0dirigit a docents, alumnat de 5\u00e8 i 6\u00e8, i a fam\u00edlies.\u00a0<a href=\"http:\/\/xtec.gencat.cat\/ca\/centres\/projeducatiu\/convivencia\/prog-form-prev-violencia-masclista\/\" target=\"_blank\" rel=\"noopener\" data-saferedirecturl=\"https:\/\/www.google.com\/url?q=http:\/\/xtec.gencat.cat\/ca\/centres\/projeducatiu\/convivencia\/prog-form-prev-violencia-masclista\/&amp;source=gmail&amp;ust=1652175917478000&amp;usg=AOvVaw1Hmmr37S8JUwyQuCs14dEJ\">A la web del Departament hi podeu ampliar la informaci\u00f3.<\/a><\/div>\n<div class=\"gmail_default\">Els nens i nenes estan realitzant a l&#8217;escola 4 <span class=\"il\">tallers<\/span>\u00a0des del dia 29 d&#8217;abril fins el 27 de maig.<\/div>\n<div class=\"gmail_default\"><\/div>\n<p class=\"gmail_default\">Per a les\u00a0<span style=\"font-size: large;\">fam\u00edlies<\/span>\u00a0els\u00a0<span class=\"il\">tallers<\/span>\u00a0es realitzaran de forma telem\u00e0tica\u00a0<span style=\"font-size: large;\">els dies 11 i 17 de maig a les 17h.\u00a0<\/span><\/p>\n<p class=\"gmail_default\"><span style=\"font-size: large;\">Aqu\u00ed teniu l&#8217;enlla\u00e7 del meet per la sessi\u00f3 del dimecres 11 de maig: <a href=\"https:\/\/meet.google.com\/mhs-uujs-zei\" target=\"_blank\" rel=\"noopener\">https:\/\/meet.google.com\/mhs-uujs-zei<\/a><\/span><\/p>\n<div class=\"gmail_default\">Els blocs de contingut que es tractaran s\u00f3n els seg\u00fcents:<\/div>\n<div><\/div>\n<div class=\"gmail_default\">\n<div class=\"gmail_default\">\n<div class=\"gmail_default\">&#8211; Aproximaci\u00f3 a la coeducaci\u00f3 i equitat de g\u00e8nere<\/div>\n<div class=\"gmail_default\">&#8211; Construcci\u00f3 de models alternatius de masculinitat i feminitat<\/div>\n<div class=\"gmail_default\">&#8211; Relacions afectives i sexuals saludables<\/div>\n<div class=\"gmail_default\">&#8211; Toler\u00e0ncia zero a la\u00a0<span class=\"il\">viol\u00e8ncia<\/span>\u00a0<span class=\"il\">masclista<\/span>\u00a0i relacions abusives<\/div>\n<\/div>\n<\/div>\n<div><a href=\"https:\/\/agora.xtec.cat\/ceipmilagrosconsarnau\/wp-content\/uploads\/usu532\/2022\/05\/Cartell-Prevencio-violencia-masclista_families.png\"><img loading=\"lazy\" decoding=\"async\" class=\"aligncenter size-medium wp-image-3786\" src=\"https:\/\/agora.xtec.cat\/ceipmilagrosconsarnau\/wp-content\/uploads\/usu532\/2022\/05\/Cartell-Prevencio-violencia-masclista_families-212x300.png\" alt=\"\" width=\"212\" height=\"300\" srcset=\"https:\/\/agora.xtec.cat\/ceipmilagrosconsarnau\/wp-content\/uploads\/usu532\/2022\/05\/Cartell-Prevencio-violencia-masclista_families-212x300.png 212w, https:\/\/agora.xtec.cat\/ceipmilagrosconsarnau\/wp-content\/uploads\/usu532\/2022\/05\/Cartell-Prevencio-violencia-masclista_families-724x1024.png 724w, https:\/\/agora.xtec.cat\/ceipmilagrosconsarnau\/wp-content\/uploads\/usu532\/2022\/05\/Cartell-Prevencio-violencia-masclista_families-768x1086.png 768w, https:\/\/agora.xtec.cat\/ceipmilagrosconsarnau\/wp-content\/uploads\/usu532\/2022\/05\/Cartell-Prevencio-violencia-masclista_families-1086x1536.png 1086w, https:\/\/agora.xtec.cat\/ceipmilagrosconsarnau\/wp-content\/uploads\/usu532\/2022\/05\/Cartell-Prevencio-violencia-masclista_families.png 1414w\" sizes=\"auto, (max-width: 212px) 100vw, 212px\" \/><\/a><\/div>\n","protected":false},"excerpt":{"rendered":"<p>Dins el projecte de conviv\u00e8ncia, estem realitzant un\u00a0taller\u00a0formatiu de prevenci\u00f3 de\u00a0viol\u00e8ncia\u00a0masclista\u00a0dirigit a docents, alumnat de 5\u00e8 i 6\u00e8, i a [&hellip;]<\/p>\n","protected":false},"author":1,"featured_media":3786,"comment_status":"open","ping_status":"closed","sticky":false,"template":"","format":"standard","meta":{"_bbp_topic_count":0,"_bbp_reply_count":0,"_bbp_total_topic_count":0,"_bbp_total_reply_count":0,"_bbp_voice_count":0,"_bbp_anonymous_reply_count":0,"_bbp_topic_count_hidden":0,"_bbp_reply_count_hidden":0,"_bbp_forum_subforum_count":0,"site-sidebar-layout":"default","site-content-layout":"","ast-site-content-layout":"","site-content-style":"default","site-sidebar-style":"default","ast-global-header-display":"","ast-banner-title-visibility":"","ast-main-header-display":"","ast-hfb-above-header-display":"","ast-hfb-below-header-display":"","ast-hfb-mobile-header-display":"","site-post-title":"","ast-breadcrumbs-content":"","ast-featured-img":"","footer-sml-layout":"","theme-transparent-header-meta":"","adv-header-id-meta":"","stick-header-meta":"","header-above-stick-meta":"","header-main-stick-meta":"","header-below-stick-meta":"","astra-migrate-meta-layouts":"default","ast-page-background-enabled":"default","ast-page-background-meta":{"desktop":{"background-color":"var(--ast-global-color-4)","background-image":"","background-repeat":"repeat","background-position":"center center","background-size":"auto","background-attachment":"scroll","background-type":"","background-media":"","overlay-type":"","overlay-color":"","overlay-opacity":"","overlay-gradient":""},"tablet":{"background-color":"","background-image":"","background-repeat":"repeat","background-position":"center center","background-size":"auto","background-attachment":"scroll","background-type":"","background-media":"","overlay-type":"","overlay-color":"","overlay-opacity":"","overlay-gradient":""},"mobile":{"background-color":"","background-image":"","background-repeat":"repeat","background-position":"center center","background-size":"auto","background-attachment":"scroll","background-type":"","background-media":"","overlay-type":"","overlay-color":"","overlay-opacity":"","overlay-gradient":""}},"ast-content-background-meta":{"desktop":{"background-color":"var(--ast-global-color-5)","background-image":"","background-repeat":"repeat","background-position":"center center","background-size":"auto","background-attachment":"scroll","background-type":"","background-media":"","overlay-type":"","overlay-color":"","overlay-opacity":"","overlay-gradient":""},"tablet":{"background-color":"var(--ast-global-color-5)","background-image":"","background-repeat":"repeat","background-position":"center center","background-size":"auto","background-attachment":"scroll","background-type":"","background-media":"","overlay-type":"","overlay-color":"","overlay-opacity":"","overlay-gradient":""},"mobile":{"background-color":"var(--ast-global-color-5)","background-image":"","background-repeat":"repeat","background-position":"center center","background-size":"auto","background-attachment":"scroll","background-type":"","background-media":"","overlay-type":"","overlay-color":"","overlay-opacity":"","overlay-gradient":""}},"footnotes":""},"categories":[1],"tags":[],"class_list":["post-3785","post","type-post","status-publish","format-standard","has-post-thumbnail","hentry","category-general"],"post_mailing_queue_ids":[],"_links":{"self":[{"href":"https:\/\/agora.xtec.cat\/ceipmilagrosconsarnau\/wp-json\/wp\/v2\/posts\/3785","targetHints":{"allow":["GET"]}}],"collection":[{"href":"https:\/\/agora.xtec.cat\/ceipmilagrosconsarnau\/wp-json\/wp\/v2\/posts"}],"about":[{"href":"https:\/\/agora.xtec.cat\/ceipmilagrosconsarnau\/wp-json\/wp\/v2\/types\/post"}],"author":[{"embeddable":true,"href":"https:\/\/agora.xtec.cat\/ceipmilagrosconsarnau\/wp-json\/wp\/v2\/users\/1"}],"replies":[{"embeddable":true,"href":"https:\/\/agora.xtec.cat\/ceipmilagrosconsarnau\/wp-json\/wp\/v2\/comments?post=3785"}],"version-history":[{"count":2,"href":"https:\/\/agora.xtec.cat\/ceipmilagrosconsarnau\/wp-json\/wp\/v2\/posts\/3785\/revisions"}],"predecessor-version":[{"id":3790,"href":"https:\/\/agora.xtec.cat\/ceipmilagrosconsarnau\/wp-json\/wp\/v2\/posts\/3785\/revisions\/3790"}],"wp:featuredmedia":[{"embeddable":true,"href":"https:\/\/agora.xtec.cat\/ceipmilagrosconsarnau\/wp-json\/wp\/v2\/media\/3786"}],"wp:attachment":[{"href":"https:\/\/agora.xtec.cat\/ceipmilagrosconsarnau\/wp-json\/wp\/v2\/media?parent=3785"}],"wp:term":[{"taxonomy":"category","embeddable":true,"href":"https:\/\/agora.xtec.cat\/ceipmilagrosconsarnau\/wp-json\/wp\/v2\/categories?post=3785"},{"taxonomy":"post_tag","embeddable":true,"href":"https:\/\/agora.xtec.cat\/ceipmilagrosconsarnau\/wp-json\/wp\/v2\/tags?post=3785"}],"curies":[{"name":"wp","href":"https:\/\/api.w.org\/{rel}","templated":true}]}}