{"id":7,"count":0,"description":"<h3><strong><a href=\"https:\/\/www.ampamilagrosconsarnau.com\/\" target=\"_blank\" rel=\"noopener noreferrer\">WEB AFA<\/a><\/strong><\/h3>\r\n<h6><span style=\"font-size: medium;\"><span style=\"font-size: large;\">Benvinguts a la p\u00e0gina web de l'AFA (Associaci\u00f3 de Fam\u00edlies de l'Alumnat) de l'Escola Milagros Consarnau del L'Hospitalet de Llobregat.<\/span><\/span><\/h6>\r\n<h6><span style=\"font-size: medium;\">Des d'aqu\u00ed us animem a participar en l'AFA, col\u00b7laborant en moments puntuals d'esdeveniments o formant part de la Junta Directiva<\/span><\/h6>\r\n<a href=\"https:\/\/agora.xtec.cat\/ceipmilagrosconsarnau\/wp-content\/uploads\/usu532\/2025\/02\/Captura-de-pantalla-2025-02-15-a-les-13.18.00.png\" target=\"_blank\" rel=\"noopener\"><img class=\"aligncenter wp-image-5041 size-large\" src=\"https:\/\/agora.xtec.cat\/ceipmilagrosconsarnau\/wp-content\/uploads\/usu532\/2025\/02\/Captura-de-pantalla-2025-02-15-a-les-13.18.00-1024x422.png\" alt=\"\" width=\"1024\" height=\"422\" \/><\/a>\r\n<h3><span style=\"color: #444444;\"><a href=\"https:\/\/www.ampamilagrosconsarnau.com\/fes-te-soci\" target=\"_blank\" rel=\"noopener noreferrer\">FITXA ALTA SOCI<\/a><\/span><strong><span style=\"color: #444444;\">\r\n<\/span><\/strong><\/h3>\r\n<h3><a href=\"https:\/\/www.ampamilagrosconsarnau.com\/acollida\" target=\"_blank\" rel=\"noopener noreferrer\"><strong>ACOLLIDA<\/strong><\/a><\/h3>\r\n<h3><a href=\"https:\/\/www.ampamilagrosconsarnau.com\/extraescolars\" target=\"_blank\" rel=\"noopener noreferrer\"><strong>EXTRAESCOLARS<\/strong><\/a><\/h3>\r\n<h5 style=\"font-weight: 400;\"><strong>La persona de contacte \u00e9s l' Elsa.\u00a0<\/strong><strong>Podeu contactar trucant al tel\u00e8fon: 656 46 50 92\u00a0<\/strong><\/h5>\r\n<h5 style=\"font-weight: 400;\"><strong>Horari d'atenci\u00f3 directa: A partir de les 15:30h<\/strong><\/h5>\r\n<h5 style=\"font-weight: 400;\">Durant el mat\u00ed\u00a0 les fam\u00edlies podeu deixar missatges de veu, WhatsApp, o SMS i l'Elsa els respondr\u00e0 a les 15:30h.<\/h5>\r\n<h3><a href=\"https:\/\/www.ampamilagrosconsarnau.com\/casal-i-col%C3%B2nies\" target=\"_blank\" rel=\"noopener noreferrer\"><strong>CASAL D'ESTIU<\/strong><\/a><\/h3>\r\n&nbsp;\r\n<h5 style=\"text-align: left;\"><span style=\"color: #800080;\"><strong>AFA - HORARI D'ATENCI\u00d3 FAM\u00cdLIES<\/strong><\/span><b><\/b><\/h5>\r\n<h4 style=\"text-align: left;\"><span style=\"font-size: medium;\"> <span style=\"color: #800080;\">El 1r i 3r dijous de cada mes, de 16:30 a 17:30 h.<\/span><\/span><\/h4>\r\n<span style=\"color: #0000ff;\"><strong>e-mail de contacte<\/strong>: <span class=\" aw5Odc\">ampa.milagros@gmail.com<\/span> <\/span>\r\n\r\n&nbsp;","link":"https:\/\/agora.xtec.cat\/ceipmilagrosconsarnau\/categoria\/afa\/","name":"AFA Escola Milagros Consarnau","slug":"afa","taxonomy":"category","parent":0,"meta":[],"_links":{"self":[{"href":"https:\/\/agora.xtec.cat\/ceipmilagrosconsarnau\/wp-json\/wp\/v2\/categories\/7","targetHints":{"allow":["GET"]}}],"collection":[{"href":"https:\/\/agora.xtec.cat\/ceipmilagrosconsarnau\/wp-json\/wp\/v2\/categories"}],"about":[{"href":"https:\/\/agora.xtec.cat\/ceipmilagrosconsarnau\/wp-json\/wp\/v2\/taxonomies\/category"}],"wp:post_type":[{"href":"https:\/\/agora.xtec.cat\/ceipmilagrosconsarnau\/wp-json\/wp\/v2\/posts?categories=7"}],"curies":[{"name":"wp","href":"https:\/\/api.w.org\/{rel}","templated":true}]}}