{"id":56,"count":4,"description":"<header class=\"entry-header \">\r\n<h1 class=\"entry-title\">Espai fam\u00edlies<\/h1>\r\n<\/header>\r\n<div class=\"entry-content clear\">\r\n\r\nA l\u2019escola volem acompanyar les fam\u00edlies en el cam\u00ed de l\u2019educaci\u00f3 dels seus fills i filles. Per aix\u00f2, hem creat aquesta p\u00e0gina on trobareu una selecci\u00f3\r\n\r\nd\u2019a<a href=\"https:\/\/agora.xtec.cat\/ceipmilagrosconsarnau\/wp-content\/uploads\/usu532\/2025\/02\/Familia.jpg\"><img class=\"wp-image-4990 size-medium alignright\" src=\"https:\/\/agora.xtec.cat\/ceipmilagrosconsarnau\/wp-content\/uploads\/usu532\/2025\/02\/Familia-300x193.jpg\" sizes=\"(max-width: 995px) 100vw, 995px\" srcset=\"https:\/\/agora.xtec.cat\/ceipmilagrosconsarnau\/wp-content\/uploads\/usu532\/2025\/02\/Familia.jpg 995w, https:\/\/agora.xtec.cat\/ceipmilagrosconsarnau\/wp-content\/uploads\/usu532\/2025\/02\/Familia-300x193.jpg 300w, https:\/\/agora.xtec.cat\/ceipmilagrosconsarnau\/wp-content\/uploads\/usu532\/2025\/02\/Familia-768x494.jpg 768w\" alt=\"\" width=\"300\" height=\"193\" \/><\/a>rticles, materials i recursos que us poden ser \u00fatils en el vostre dia a dia.\r\n\r\nHi compartirem continguts sobre temes com l\u2019educaci\u00f3 emocional, la conviv\u00e8ncia, les noves tecnologies, el creixement personal i molts altres aspectes relacionats amb l\u2019etapa escolar i familiar. L\u2019objectiu \u00e9s oferir informaci\u00f3 de qualitat que us pugui ajudar i inspirar.\r\n\r\nUs animem a visitar aquest espai regularment i a aprofitar els recursos que hi anirem incorporant.\r\n\r\nGr\u00e0cies per formar part de la nostra comunitat educativa!\r\n<figure class=\"wp-block-image size-full is-resized\"><\/figure>\r\n<\/div>","link":"https:\/\/agora.xtec.cat\/ceipmilagrosconsarnau\/categoria\/general\/families\/","name":"Fam\u00edlies","slug":"families","taxonomy":"category","parent":1,"meta":[],"_links":{"self":[{"href":"https:\/\/agora.xtec.cat\/ceipmilagrosconsarnau\/wp-json\/wp\/v2\/categories\/56","targetHints":{"allow":["GET"]}}],"collection":[{"href":"https:\/\/agora.xtec.cat\/ceipmilagrosconsarnau\/wp-json\/wp\/v2\/categories"}],"about":[{"href":"https:\/\/agora.xtec.cat\/ceipmilagrosconsarnau\/wp-json\/wp\/v2\/taxonomies\/category"}],"up":[{"embeddable":true,"href":"https:\/\/agora.xtec.cat\/ceipmilagrosconsarnau\/wp-json\/wp\/v2\/categories\/1"}],"wp:post_type":[{"href":"https:\/\/agora.xtec.cat\/ceipmilagrosconsarnau\/wp-json\/wp\/v2\/posts?categories=56"}],"curies":[{"name":"wp","href":"https:\/\/api.w.org\/{rel}","templated":true}]}}