{"id":9434,"date":"2022-04-07T10:05:37","date_gmt":"2022-04-07T08:05:37","guid":{"rendered":"https:\/\/agora.xtec.cat\/ceipmestregibert\/?p=9434"},"modified":"2022-04-07T12:46:24","modified_gmt":"2022-04-07T10:46:24","slug":"practiquem-handbol-4t","status":"publish","type":"post","link":"https:\/\/agora.xtec.cat\/ceipmestregibert\/general\/practiquem-handbol-4t\/","title":{"rendered":"PRACTIQUEM HANDBOL- 4t"},"content":{"rendered":"<p>Benvolgudes fam\u00edlies,<\/p>\n<p>Durant les \u00faltimes setmanes els nens i nenes de 4t hem apr\u00e8s, amb l&#8217;ajuda d&#8217;en Gerard, les normes i t\u00e8cniques pr\u00f2pies de l&#8217;handbol. En aquestes dues sessions hem practicat amb tot un professional que ens ha donat consells mentre ens ho pass\u00e0vem genial.<\/p>\n<p>Ara continuarem practicant aquest esport a Educaci\u00f3 f\u00edsica per tal d&#8217;acabar de dominar-lo.<\/p>\n<p><img loading=\"lazy\" decoding=\"async\" class=\"alignnone size-large\" src=\"https:\/\/lh3.googleusercontent.com\/pw\/AM-JKLV-v71o43X6dOpTJE72jSK7H-3DAwr0vt9ZSd_bIzUIvSemcpDbPhuzMJ-CkoVNR3v3TfkC_AqSAPcYhUC0B84HRXhsmgeUtM0c1HODN4farEANr42RIysTwTxLCUGp5LpuXQLhrDXZNMkcBGurALk3=w1220-h914-no?authuser=0\" width=\"1219\" height=\"914\" \/><img loading=\"lazy\" decoding=\"async\" class=\"alignnone size-large\" src=\"https:\/\/lh3.googleusercontent.com\/pw\/AM-JKLVQDjcDfOpXuIw1FW7BTLnsk8EToyRcM4Wn4ta78R4sfyAybFQkp4cU8rqGOa04n6QxbQZvlBMI47iXVF9cfD11CFirqW_bjAN8MQNA1MCIC72hmYKlRyghyPCSKZ5zSu_-pS59ZculpasyQdi5ALU5=w1220-h914-no?authuser=0\" width=\"1219\" height=\"914\" \/><img loading=\"lazy\" decoding=\"async\" class=\"alignnone size-large\" src=\"https:\/\/lh3.googleusercontent.com\/pw\/AM-JKLU8G5BamNYvrp-ix-zfFAt9C5w5f60D6fxV9SV8tHd_PHvM0pgFrx_DcT41E9cmj-d3HjMFE-o_5mt0JruHUuWakWxlgG75xOKAG7mw7x4wP71RldmdXrlr3SMMtkCFQpGkNC13iaTgzQ2s5-w5OxpL=w1220-h914-no?authuser=0\" width=\"1219\" height=\"914\" \/><\/p>\n<p><a href=\"https:\/\/photos.app.goo.gl\/HaZCFov99Tcyc8hu7\">AQU\u00cd<\/a> us deixem algunes fotos.<\/p>\n<p>&nbsp;<\/p>\n","protected":false},"excerpt":{"rendered":"<p>Benvolgudes fam\u00edlies,<br \/>\nDurant les \u00faltimes setmanes els nens i nenes de 4t hem apr\u00e8s, amb l&#8217;ajuda d&#8217;en Gerard, les normes i t\u00e8cniques pr\u00f2pies de l&#8217;handbol. En aquestes dues sessions hem practicat amb tot un professional que ens ha donat consells mentre ens ho pass\u00e0vem genial.<br \/>\nAra continuarem&hellip;  <a href=\"https:\/\/agora.xtec.cat\/ceipmestregibert\/general\/practiquem-handbol-4t\/\" title=\"Read PRACTIQUEM HANDBOL- 4t\">Llegeix m\u00e9s\u00bb<\/a><\/p>\n","protected":false},"author":8,"featured_media":9439,"comment_status":"open","ping_status":"closed","sticky":false,"template":"","format":"standard","meta":{"_bbp_topic_count":0,"_bbp_reply_count":0,"_bbp_total_topic_count":0,"_bbp_total_reply_count":0,"_bbp_voice_count":0,"_bbp_anonymous_reply_count":0,"_bbp_topic_count_hidden":0,"_bbp_reply_count_hidden":0,"_bbp_forum_subforum_count":0,"footnotes":""},"categories":[235,1],"tags":[],"class_list":["post-9434","post","type-post","status-publish","format-standard","has-post-thumbnail","hentry","category-2122-4t","category-general"],"post_mailing_queue_ids":[],"_links":{"self":[{"href":"https:\/\/agora.xtec.cat\/ceipmestregibert\/wp-json\/wp\/v2\/posts\/9434","targetHints":{"allow":["GET"]}}],"collection":[{"href":"https:\/\/agora.xtec.cat\/ceipmestregibert\/wp-json\/wp\/v2\/posts"}],"about":[{"href":"https:\/\/agora.xtec.cat\/ceipmestregibert\/wp-json\/wp\/v2\/types\/post"}],"author":[{"embeddable":true,"href":"https:\/\/agora.xtec.cat\/ceipmestregibert\/wp-json\/wp\/v2\/users\/8"}],"replies":[{"embeddable":true,"href":"https:\/\/agora.xtec.cat\/ceipmestregibert\/wp-json\/wp\/v2\/comments?post=9434"}],"version-history":[{"count":2,"href":"https:\/\/agora.xtec.cat\/ceipmestregibert\/wp-json\/wp\/v2\/posts\/9434\/revisions"}],"predecessor-version":[{"id":9440,"href":"https:\/\/agora.xtec.cat\/ceipmestregibert\/wp-json\/wp\/v2\/posts\/9434\/revisions\/9440"}],"wp:featuredmedia":[{"embeddable":true,"href":"https:\/\/agora.xtec.cat\/ceipmestregibert\/wp-json\/wp\/v2\/media\/9439"}],"wp:attachment":[{"href":"https:\/\/agora.xtec.cat\/ceipmestregibert\/wp-json\/wp\/v2\/media?parent=9434"}],"wp:term":[{"taxonomy":"category","embeddable":true,"href":"https:\/\/agora.xtec.cat\/ceipmestregibert\/wp-json\/wp\/v2\/categories?post=9434"},{"taxonomy":"post_tag","embeddable":true,"href":"https:\/\/agora.xtec.cat\/ceipmestregibert\/wp-json\/wp\/v2\/tags?post=9434"}],"curies":[{"name":"wp","href":"https:\/\/api.w.org\/{rel}","templated":true}]}}