{"id":9042,"date":"2021-11-02T19:49:12","date_gmt":"2021-11-02T18:49:12","guid":{"rendered":"https:\/\/agora.xtec.cat\/ceipmestregibert\/?p=9042"},"modified":"2021-11-04T16:14:26","modified_gmt":"2021-11-04T15:14:26","slug":"excursio-al-museu-dhistoria-de-catalunya-2","status":"publish","type":"post","link":"https:\/\/agora.xtec.cat\/ceipmestregibert\/general\/excursio-al-museu-dhistoria-de-catalunya-2\/","title":{"rendered":"Excursi\u00f3 al Museu d&#8217;Hist\u00f2ria de Catalunya"},"content":{"rendered":"<p>&nbsp;<\/p>\n<p><img loading=\"lazy\" decoding=\"async\" class=\"aligncenter size-medium wp-image-9045\" src=\"https:\/\/agora.xtec.cat\/ceipmestregibert\/wp-content\/uploads\/usu791\/2021\/11\/IMG_51751-300x225.jpg\" alt=\"\" width=\"300\" height=\"225\" srcset=\"https:\/\/agora.xtec.cat\/ceipmestregibert\/wp-content\/uploads\/usu791\/2021\/11\/IMG_51751-300x225.jpg 300w, https:\/\/agora.xtec.cat\/ceipmestregibert\/wp-content\/uploads\/usu791\/2021\/11\/IMG_51751-768x576.jpg 768w, https:\/\/agora.xtec.cat\/ceipmestregibert\/wp-content\/uploads\/usu791\/2021\/11\/IMG_51751-200x150.jpg 200w, https:\/\/agora.xtec.cat\/ceipmestregibert\/wp-content\/uploads\/usu791\/2021\/11\/IMG_51751.jpg 800w\" sizes=\"auto, (max-width: 300px) 100vw, 300px\" \/><\/p>\n<p>&nbsp;<\/p>\n<p>El dia 2 de novembre de 2021 els alumnes de 5\u00e8 hem anat al Museu d&#8217;Hist\u00f2ria de Catalunya a realitzar una activitat sobre &#8216;L&#8217;Habitatge&#8221;.<\/p>\n<p>Ha estat molt interessant la visita al MUSEU. Hem estat comprovant com vivien els nostres avantpassats des de la Prehist\u00f2ria fins a l&#8217; Edat Contempor\u00e0nia.<\/p>\n<p>Quan hem acabat l&#8217;estada al Museu, hem anat a con\u00e8ixer una mica m\u00e9s la nostra ciutat. Hem visitat l&#8217;estaci\u00f3 de Fran\u00e7a, el Born, l&#8217;Arc de Triomf i el parc de la Ciutadella (on hem dinat).<\/p>\n<p>Ha estat una jornada molt ben aprofitada !!!<\/p>\n<p>Si voleu veure com ens ho hem passat cliqueu a la foto de sota:<\/p>\n<p>&nbsp;<\/p>\n<p><a href=\"https:\/\/photos.app.goo.gl\/fDMnnorxXnxP5cha7\"><img loading=\"lazy\" decoding=\"async\" class=\"aligncenter size-medium wp-image-9043\" src=\"https:\/\/agora.xtec.cat\/ceipmestregibert\/wp-content\/uploads\/usu791\/2021\/11\/IMG_5181-287x300.jpg\" alt=\"\" width=\"287\" height=\"300\" srcset=\"https:\/\/agora.xtec.cat\/ceipmestregibert\/wp-content\/uploads\/usu791\/2021\/11\/IMG_5181-287x300.jpg 287w, https:\/\/agora.xtec.cat\/ceipmestregibert\/wp-content\/uploads\/usu791\/2021\/11\/IMG_5181.jpg 629w\" sizes=\"auto, (max-width: 287px) 100vw, 287px\" \/><\/a><\/p>\n","protected":false},"excerpt":{"rendered":"<p>&nbsp;<\/p>\n<p>&nbsp;<br \/>\nEl dia 2 de novembre de 2021 els alumnes de 5\u00e8 hem anat al Museu d&#8217;Hist\u00f2ria de Catalunya a realitzar una activitat sobre &#8216;L&#8217;Habitatge&#8221;.<br \/>\nHa estat molt interessant la visita al MUSEU. Hem estat comprovant com vivien els nostres avantpassats des de la Prehist\u00f2ria fins a&hellip;  <a href=\"https:\/\/agora.xtec.cat\/ceipmestregibert\/general\/excursio-al-museu-dhistoria-de-catalunya-2\/\" title=\"Read Excursi\u00f3 al Museu d&#8217;Hist\u00f2ria de Catalunya\">Llegeix m\u00e9s\u00bb<\/a><\/p>\n","protected":false},"author":9,"featured_media":9043,"comment_status":"open","ping_status":"closed","sticky":false,"template":"","format":"standard","meta":{"_bbp_topic_count":0,"_bbp_reply_count":0,"_bbp_total_topic_count":0,"_bbp_total_reply_count":0,"_bbp_voice_count":0,"_bbp_anonymous_reply_count":0,"_bbp_topic_count_hidden":0,"_bbp_reply_count_hidden":0,"_bbp_forum_subforum_count":0,"footnotes":""},"categories":[236,1],"tags":[],"class_list":["post-9042","post","type-post","status-publish","format-standard","has-post-thumbnail","hentry","category-2122-5e","category-general"],"post_mailing_queue_ids":[],"_links":{"self":[{"href":"https:\/\/agora.xtec.cat\/ceipmestregibert\/wp-json\/wp\/v2\/posts\/9042","targetHints":{"allow":["GET"]}}],"collection":[{"href":"https:\/\/agora.xtec.cat\/ceipmestregibert\/wp-json\/wp\/v2\/posts"}],"about":[{"href":"https:\/\/agora.xtec.cat\/ceipmestregibert\/wp-json\/wp\/v2\/types\/post"}],"author":[{"embeddable":true,"href":"https:\/\/agora.xtec.cat\/ceipmestregibert\/wp-json\/wp\/v2\/users\/9"}],"replies":[{"embeddable":true,"href":"https:\/\/agora.xtec.cat\/ceipmestregibert\/wp-json\/wp\/v2\/comments?post=9042"}],"version-history":[{"count":2,"href":"https:\/\/agora.xtec.cat\/ceipmestregibert\/wp-json\/wp\/v2\/posts\/9042\/revisions"}],"predecessor-version":[{"id":9046,"href":"https:\/\/agora.xtec.cat\/ceipmestregibert\/wp-json\/wp\/v2\/posts\/9042\/revisions\/9046"}],"wp:featuredmedia":[{"embeddable":true,"href":"https:\/\/agora.xtec.cat\/ceipmestregibert\/wp-json\/wp\/v2\/media\/9043"}],"wp:attachment":[{"href":"https:\/\/agora.xtec.cat\/ceipmestregibert\/wp-json\/wp\/v2\/media?parent=9042"}],"wp:term":[{"taxonomy":"category","embeddable":true,"href":"https:\/\/agora.xtec.cat\/ceipmestregibert\/wp-json\/wp\/v2\/categories?post=9042"},{"taxonomy":"post_tag","embeddable":true,"href":"https:\/\/agora.xtec.cat\/ceipmestregibert\/wp-json\/wp\/v2\/tags?post=9042"}],"curies":[{"name":"wp","href":"https:\/\/api.w.org\/{rel}","templated":true}]}}