{"id":8998,"date":"2021-09-22T13:46:22","date_gmt":"2021-09-22T11:46:22","guid":{"rendered":"https:\/\/agora.xtec.cat\/ceipmestregibert\/?p=8998"},"modified":"2021-10-29T15:20:43","modified_gmt":"2021-10-29T13:20:43","slug":"estades-dimmersio-linguistica-en-llengua-anglesa-2021-22-6e","status":"publish","type":"post","link":"https:\/\/agora.xtec.cat\/ceipmestregibert\/general\/estades-dimmersio-linguistica-en-llengua-anglesa-2021-22-6e\/","title":{"rendered":"Estades d\u2019immersi\u00f3 ling\u00fc\u00edstica en llengua anglesa 2021\/22 &#8211; 6\u00e8"},"content":{"rendered":"<p><span style=\"font-weight: 400;\">Amb l\u2019objectiu que puguem refor\u00e7ar les activitats de millora de la compet\u00e8ncia en llengua anglesa del\u00a0 nostre alumnat que vam emprendre mitjan\u00e7ant la nostra participaci\u00f3 en el programa Generaci\u00f3\u00a0 Pluriling\u00fce, el Departament d\u2019Educaci\u00f3 <\/span><b>ens ha ofert la possibilitat de realitzar unes estades d\u2019immersi\u00f3 en llengua anglesa per l&#8217;alumnat de 6\u00e8.\u00a0<\/b><\/p>\n<p><span style=\"font-weight: 400;\">Aquesta actuaci\u00f3 forma part del <strong>Programa d&#8217;orientaci\u00f3 i refor\u00e7 per a l&#8217;avan\u00e7 i suport a l&#8217;educaci\u00f3 del\u00a0 Ministeri d\u2019Educaci\u00f3 i Formaci\u00f3 Professional i est\u00e0 cofinan\u00e7ada pel Programa operatiu d\u2019ocupaci\u00f3,\u00a0 formaci\u00f3 i educaci\u00f3 del Fons Social Europeu<\/strong>.\u00a0<\/span><\/p>\n<p><span style=\"font-weight: 400;\">Aquestes estades <strong>es duran a terme els propers dies 20, 21 i 22 d\u2019octubre a l\u2019alberg Canyamars Xanascat a la localitat de Canyamars.<\/strong> En el nostre cas, l\u2019\u00e0mbit de treball ser\u00e0 <\/span><b><i>Natural Science<\/i><\/b><span style=\"font-weight: 400;\"> on els participants treballaran aspectes del medi natural d\u2019una manera pr\u00e0ctica i vivencial. S\u2019hi inclouran activitats d\u2019an\u00e0lisi i observaci\u00f3 de la fauna i la flora de l\u2019entorn de l\u2019alberg, d\u2019horticultura, etc.\u00a0<\/span><\/p>\n<p><span style=\"font-weight: 400;\">L\u2019objectiu principal de les estades \u00e9s que <strong>els nens i nenes aprenguin angl\u00e8s, per\u00f2 tamb\u00e9 que aprenguin a gaudir de la llengua tot treballant i jugant, tal i com ho\u00a0 farien en la seva llengua materna.<\/strong> \u00c9s per aix\u00f2 que s\u2019aposta per la immersi\u00f3 ling\u00fc\u00edstica, com a creaci\u00f3 d\u2019un entorn en qu\u00e8 els participants perdin la por a expressar-se, a partir de la\u00a0 necessitat. \u00c9s a dir, que un cert <\/span><i><span style=\"font-weight: 400;\">instint de superviv\u00e8ncia <\/span><\/i><span style=\"font-weight: 400;\">faci que es vegin inclinats al seu \u00fas, sense bloquejar-se, de manera molt semblant a la que es trobarien a l\u2019estranger.\u00a0<\/span><\/p>\n<p><span style=\"font-weight: 400;\">Entenem aquestes estades com un entorn idoni per a la pr\u00e0ctica de valors com ara el <strong>respecte a la diversitat, la sostenibilitat del medi ambient, la integraci\u00f3 i coneixement del territori, i el sentit de responsabilitat que implica la pertinen\u00e7a a un grup.<\/strong> Tot, en el marc de la conviv\u00e8ncia, que els potencia.\u00a0<\/span><\/p>\n<p><strong>#ESTFSE21<\/strong><\/p>\n<p><span style=\"font-weight: 400;\">Cliqueu a la foto adjunta per veure algunes fotografies on fem difusi\u00f3 al centre d\u2019aquestes estades.<\/span><\/p>\n<p><a href=\"https:\/\/photos.app.goo.gl\/Zo7Li4Hfd5LDt49C6\"><img loading=\"lazy\" decoding=\"async\" class=\"aligncenter wp-image-9000\" src=\"https:\/\/agora.xtec.cat\/ceipmestregibert\/wp-content\/uploads\/usu791\/2021\/09\/IMG_1171-300x225.jpg\" alt=\"\" width=\"298\" height=\"223\" srcset=\"https:\/\/agora.xtec.cat\/ceipmestregibert\/wp-content\/uploads\/usu791\/2021\/09\/IMG_1171-300x225.jpg 300w, https:\/\/agora.xtec.cat\/ceipmestregibert\/wp-content\/uploads\/usu791\/2021\/09\/IMG_1171-1024x768.jpg 1024w, https:\/\/agora.xtec.cat\/ceipmestregibert\/wp-content\/uploads\/usu791\/2021\/09\/IMG_1171-768x576.jpg 768w, https:\/\/agora.xtec.cat\/ceipmestregibert\/wp-content\/uploads\/usu791\/2021\/09\/IMG_1171-1536x1152.jpg 1536w, https:\/\/agora.xtec.cat\/ceipmestregibert\/wp-content\/uploads\/usu791\/2021\/09\/IMG_1171-2048x1536.jpg 2048w, https:\/\/agora.xtec.cat\/ceipmestregibert\/wp-content\/uploads\/usu791\/2021\/09\/IMG_1171-200x150.jpg 200w\" sizes=\"auto, (max-width: 298px) 100vw, 298px\" \/><\/a><\/p>\n","protected":false},"excerpt":{"rendered":"<p>Amb l\u2019objectiu que puguem refor\u00e7ar les activitats de millora de la compet\u00e8ncia en llengua anglesa del\u00a0 nostre alumnat que vam emprendre mitjan\u00e7ant la nostra participaci\u00f3 en el programa Generaci\u00f3\u00a0 Pluriling\u00fce, el Departament d\u2019Educaci\u00f3 ens ha ofert la possibilitat de realitzar unes estades d\u2019immersi\u00f3 en llengua&hellip;  <a href=\"https:\/\/agora.xtec.cat\/ceipmestregibert\/general\/estades-dimmersio-linguistica-en-llengua-anglesa-2021-22-6e\/\" title=\"Read Estades d\u2019immersi\u00f3 ling\u00fc\u00edstica en llengua anglesa 2021\/22 &#8211; 6\u00e8\">Llegeix m\u00e9s\u00bb<\/a><\/p>\n","protected":false},"author":9,"featured_media":8999,"comment_status":"open","ping_status":"closed","sticky":false,"template":"","format":"standard","meta":{"_bbp_topic_count":0,"_bbp_reply_count":0,"_bbp_total_topic_count":0,"_bbp_total_reply_count":0,"_bbp_voice_count":0,"_bbp_anonymous_reply_count":0,"_bbp_topic_count_hidden":0,"_bbp_reply_count_hidden":0,"_bbp_forum_subforum_count":0,"footnotes":""},"categories":[237,157,81,1],"tags":[],"class_list":["post-8998","post","type-post","status-publish","format-standard","has-post-thumbnail","hentry","category-2122-6e","category-cicle_superior","category-english","category-general"],"post_mailing_queue_ids":[],"_links":{"self":[{"href":"https:\/\/agora.xtec.cat\/ceipmestregibert\/wp-json\/wp\/v2\/posts\/8998","targetHints":{"allow":["GET"]}}],"collection":[{"href":"https:\/\/agora.xtec.cat\/ceipmestregibert\/wp-json\/wp\/v2\/posts"}],"about":[{"href":"https:\/\/agora.xtec.cat\/ceipmestregibert\/wp-json\/wp\/v2\/types\/post"}],"author":[{"embeddable":true,"href":"https:\/\/agora.xtec.cat\/ceipmestregibert\/wp-json\/wp\/v2\/users\/9"}],"replies":[{"embeddable":true,"href":"https:\/\/agora.xtec.cat\/ceipmestregibert\/wp-json\/wp\/v2\/comments?post=8998"}],"version-history":[{"count":3,"href":"https:\/\/agora.xtec.cat\/ceipmestregibert\/wp-json\/wp\/v2\/posts\/8998\/revisions"}],"predecessor-version":[{"id":9034,"href":"https:\/\/agora.xtec.cat\/ceipmestregibert\/wp-json\/wp\/v2\/posts\/8998\/revisions\/9034"}],"wp:featuredmedia":[{"embeddable":true,"href":"https:\/\/agora.xtec.cat\/ceipmestregibert\/wp-json\/wp\/v2\/media\/8999"}],"wp:attachment":[{"href":"https:\/\/agora.xtec.cat\/ceipmestregibert\/wp-json\/wp\/v2\/media?parent=8998"}],"wp:term":[{"taxonomy":"category","embeddable":true,"href":"https:\/\/agora.xtec.cat\/ceipmestregibert\/wp-json\/wp\/v2\/categories?post=8998"},{"taxonomy":"post_tag","embeddable":true,"href":"https:\/\/agora.xtec.cat\/ceipmestregibert\/wp-json\/wp\/v2\/tags?post=8998"}],"curies":[{"name":"wp","href":"https:\/\/api.w.org\/{rel}","templated":true}]}}