{"id":8781,"date":"2021-06-10T15:06:14","date_gmt":"2021-06-10T13:06:14","guid":{"rendered":"http:\/\/agora.xtec.cat\/ceipmestregibert\/?p=8781"},"modified":"2021-06-10T15:06:14","modified_gmt":"2021-06-10T13:06:14","slug":"vet-aqui-que-una-vegada-maneno-a-p3","status":"publish","type":"post","link":"https:\/\/agora.xtec.cat\/ceipmestregibert\/general\/vet-aqui-que-una-vegada-maneno-a-p3\/","title":{"rendered":"VET AQU\u00cd QUE UNA VEGADA&#8230;.MANENO A P3"},"content":{"rendered":"<p><img loading=\"lazy\" decoding=\"async\" class=\" wp-image-8786 alignleft\" src=\"https:\/\/agora.xtec.cat\/ceipmestregibert\/wp-content\/uploads\/usu791\/2021\/06\/IMG_2422-300x224.jpg\" alt=\"\" width=\"284\" height=\"212\" srcset=\"https:\/\/agora.xtec.cat\/ceipmestregibert\/wp-content\/uploads\/usu791\/2021\/06\/IMG_2422-300x224.jpg 300w, https:\/\/agora.xtec.cat\/ceipmestregibert\/wp-content\/uploads\/usu791\/2021\/06\/IMG_2422-768x574.jpg 768w, https:\/\/agora.xtec.cat\/ceipmestregibert\/wp-content\/uploads\/usu791\/2021\/06\/IMG_2422-1024x765.jpg 1024w, https:\/\/agora.xtec.cat\/ceipmestregibert\/wp-content\/uploads\/usu791\/2021\/06\/IMG_2422-200x150.jpg 200w\" sizes=\"auto, (max-width: 284px) 100vw, 284px\" \/><\/p>\n<p>S\u00ed, vet aqu\u00ed que una vegada&#8230; cada mes, ve la &#8220;Mar de Maneno&#8221;. Sempre arriba carregada de contes, aventures i llibres ben diferents. Ens fa gaudir d&#8217;all\u00f2 m\u00e9s amb les seves hist\u00f2ries!<\/p>\n<p><strong><a href=\"https:\/\/photos.app.goo.gl\/QpyBbAjYPupjixmT8\" target=\"_blank\" rel=\"noopener noreferrer\">I CONTE CONTAT, AQUESTES IMATGES ENS HA DEIXAT.<\/a><\/strong><\/p>\n","protected":false},"excerpt":{"rendered":"<p>S\u00ed, vet aqu\u00ed que una vegada&#8230; cada mes, ve la &#8220;Mar de Maneno&#8221;. Sempre arriba carregada de contes, aventures i llibres ben diferents. Ens fa gaudir d&#8217;all\u00f2 m\u00e9s amb les seves hist\u00f2ries!<br \/>\n<a href=\"https:\/\/photos.app.goo.gl\/QpyBbAjYPupjixmT8\" target=\"_blank\" rel=\"noopener noreferrer\">I CONTE CONTAT, AQUESTES IMATGES ENS HA DEIXAT.<\/a><\/p>\n","protected":false},"author":11,"featured_media":8786,"comment_status":"open","ping_status":"closed","sticky":false,"template":"","format":"standard","meta":{"_bbp_topic_count":0,"_bbp_reply_count":0,"_bbp_total_topic_count":0,"_bbp_total_reply_count":0,"_bbp_voice_count":0,"_bbp_anonymous_reply_count":0,"_bbp_topic_count_hidden":0,"_bbp_reply_count_hidden":0,"_bbp_forum_subforum_count":0,"footnotes":""},"categories":[200,26,1],"tags":[],"class_list":["post-8781","post","type-post","status-publish","format-standard","has-post-thumbnail","hentry","category-2021-p3","category-educacioinfantil","category-general"],"post_mailing_queue_ids":[],"_links":{"self":[{"href":"https:\/\/agora.xtec.cat\/ceipmestregibert\/wp-json\/wp\/v2\/posts\/8781","targetHints":{"allow":["GET"]}}],"collection":[{"href":"https:\/\/agora.xtec.cat\/ceipmestregibert\/wp-json\/wp\/v2\/posts"}],"about":[{"href":"https:\/\/agora.xtec.cat\/ceipmestregibert\/wp-json\/wp\/v2\/types\/post"}],"author":[{"embeddable":true,"href":"https:\/\/agora.xtec.cat\/ceipmestregibert\/wp-json\/wp\/v2\/users\/11"}],"replies":[{"embeddable":true,"href":"https:\/\/agora.xtec.cat\/ceipmestregibert\/wp-json\/wp\/v2\/comments?post=8781"}],"version-history":[{"count":3,"href":"https:\/\/agora.xtec.cat\/ceipmestregibert\/wp-json\/wp\/v2\/posts\/8781\/revisions"}],"predecessor-version":[{"id":8790,"href":"https:\/\/agora.xtec.cat\/ceipmestregibert\/wp-json\/wp\/v2\/posts\/8781\/revisions\/8790"}],"wp:featuredmedia":[{"embeddable":true,"href":"https:\/\/agora.xtec.cat\/ceipmestregibert\/wp-json\/wp\/v2\/media\/8786"}],"wp:attachment":[{"href":"https:\/\/agora.xtec.cat\/ceipmestregibert\/wp-json\/wp\/v2\/media?parent=8781"}],"wp:term":[{"taxonomy":"category","embeddable":true,"href":"https:\/\/agora.xtec.cat\/ceipmestregibert\/wp-json\/wp\/v2\/categories?post=8781"},{"taxonomy":"post_tag","embeddable":true,"href":"https:\/\/agora.xtec.cat\/ceipmestregibert\/wp-json\/wp\/v2\/tags?post=8781"}],"curies":[{"name":"wp","href":"https:\/\/api.w.org\/{rel}","templated":true}]}}