{"id":8684,"date":"2021-06-05T09:57:59","date_gmt":"2021-06-05T07:57:59","guid":{"rendered":"http:\/\/agora.xtec.cat\/ceipmestregibert\/?p=8684"},"modified":"2021-06-05T09:57:59","modified_gmt":"2021-06-05T07:57:59","slug":"piano-als-patis-cs","status":"publish","type":"post","link":"https:\/\/agora.xtec.cat\/ceipmestregibert\/general\/piano-als-patis-cs\/","title":{"rendered":"Piano als patis &#8211; CS"},"content":{"rendered":"<p>Aquesta setmana estem gaudint d&#8217;un piano de cua al pati de l&#8217;escola gr\u00e0cies a la iniciativa &#8220;Piano als patis&#8221; de Maria Canals. Estem fent sessions d\u2019iniciaci\u00f3 de la m\u00e0 d&#8217;una experta i tamb\u00e9 tenim l&#8217;oportunitat de tocar una mica a l&#8217;hora de l&#8217;esbarjo.<\/p>\n<p>Feu click a les imatges per veure m\u00e9s.<\/p>\n<p>Fotos 5\u00e8<\/p>\n<p style=\"box-sizing: border-box; margin: 0px 0px 1.25em; padding: 0px; direction: ltr; font-family: 'Helvetica Neue', Helvetica, Helvetica, Arial, sans-serif; font-weight: 400; font-size: 16px; line-height: 1.6; text-rendering: optimizelegibility; color: #222222; font-style: normal; font-variant-ligatures: normal; font-variant-caps: normal; letter-spacing: normal; orphans: 2; text-align: start; text-indent: 0px; text-transform: none; white-space: normal; widows: 2; word-spacing: 0px; -webkit-text-stroke-width: 0px; text-decoration-style: initial; text-decoration-color: initial;\">\n<p style=\"box-sizing: border-box; margin: 0px 0px 1.25em; padding: 0px; direction: ltr; font-family: 'Helvetica Neue', Helvetica, Helvetica, Arial, sans-serif; font-weight: 400; font-size: 16px; line-height: 1.6; text-rendering: optimizelegibility; color: #222222; font-style: normal; font-variant-ligatures: normal; font-variant-caps: normal; letter-spacing: normal; orphans: 2; text-align: start; text-indent: 0px; text-transform: none; white-space: normal; widows: 2; word-spacing: 0px; -webkit-text-stroke-width: 0px; text-decoration-style: initial; text-decoration-color: initial;\"><a href=\"https:\/\/photos.app.goo.gl\/b3Xf2PWqMXBhhGP2A\"><img loading=\"lazy\" decoding=\"async\" class=\" wp-image-8708 alignleft\" style=\"box-sizing: border-box; height: 320px; max-width: 100%; display: inline-block; float: left; margin: 0.5em 1em 0.5em 0px;\" src=\"https:\/\/agora.xtec.cat\/ceipmestregibert\/wp-content\/uploads\/usu791\/2021\/06\/IMG_1152-min-1024x768.jpg\" alt=\"\" width=\"427\" height=\"189\" \/><\/a><\/p>\n<p>&nbsp;<\/p>\n<p>&nbsp;<\/p>\n<p>&nbsp;<\/p>\n<p>&nbsp;<\/p>\n<p>&nbsp;<\/p>\n<p>&nbsp;<\/p>\n<p>&nbsp;<\/p>\n<p>&nbsp;<\/p>\n<p>Fotos 6\u00e8<\/p>\n<p><a style=\"font-family: inherit; font-size: 1em;\" href=\"https:\/\/photos.app.goo.gl\/CfaDwXpqVVvPgysA8\"><img loading=\"lazy\" decoding=\"async\" class=\"wp-image-8701 alignleft\" src=\"https:\/\/agora.xtec.cat\/ceipmestregibert\/wp-content\/uploads\/usu791\/2021\/06\/IMG_20210602_093025-min-1024x768.jpg\" alt=\"\" width=\"427\" height=\"321\" srcset=\"https:\/\/agora.xtec.cat\/ceipmestregibert\/wp-content\/uploads\/usu791\/2021\/06\/IMG_20210602_093025-min-1024x768.jpg 1024w, https:\/\/agora.xtec.cat\/ceipmestregibert\/wp-content\/uploads\/usu791\/2021\/06\/IMG_20210602_093025-min-300x225.jpg 300w, https:\/\/agora.xtec.cat\/ceipmestregibert\/wp-content\/uploads\/usu791\/2021\/06\/IMG_20210602_093025-min-768x576.jpg 768w, https:\/\/agora.xtec.cat\/ceipmestregibert\/wp-content\/uploads\/usu791\/2021\/06\/IMG_20210602_093025-min-200x150.jpg 200w\" sizes=\"auto, (max-width: 427px) 100vw, 427px\" \/><\/a><\/p>\n<p>&nbsp;<\/p>\n<p>&nbsp;<\/p>\n","protected":false},"excerpt":{"rendered":"<p>Aquesta setmana estem gaudint d&#8217;un piano de cua al pati de l&#8217;escola gr\u00e0cies a la iniciativa &#8220;Piano als patis&#8221; de Maria Canals. Estem fent sessions d\u2019iniciaci\u00f3 de la m\u00e0 d&#8217;una experta i tamb\u00e9 tenim l&#8217;oportunitat de tocar una mica a l&#8217;hora de l&#8217;esbarjo.<br \/>\nFeu click a&hellip;  <a href=\"https:\/\/agora.xtec.cat\/ceipmestregibert\/general\/piano-als-patis-cs\/\" title=\"Read Piano als patis &#8211; CS\">Llegeix m\u00e9s\u00bb<\/a><\/p>\n","protected":false},"author":9,"featured_media":8702,"comment_status":"open","ping_status":"closed","sticky":false,"template":"","format":"standard","meta":{"_bbp_topic_count":0,"_bbp_reply_count":0,"_bbp_total_topic_count":0,"_bbp_total_reply_count":0,"_bbp_voice_count":0,"_bbp_anonymous_reply_count":0,"_bbp_topic_count_hidden":0,"_bbp_reply_count_hidden":0,"_bbp_forum_subforum_count":0,"footnotes":""},"categories":[198,199,157,1],"tags":[],"class_list":["post-8684","post","type-post","status-publish","format-standard","has-post-thumbnail","hentry","category-2021-5e","category-2021-6e","category-cicle_superior","category-general"],"post_mailing_queue_ids":[],"_links":{"self":[{"href":"https:\/\/agora.xtec.cat\/ceipmestregibert\/wp-json\/wp\/v2\/posts\/8684","targetHints":{"allow":["GET"]}}],"collection":[{"href":"https:\/\/agora.xtec.cat\/ceipmestregibert\/wp-json\/wp\/v2\/posts"}],"about":[{"href":"https:\/\/agora.xtec.cat\/ceipmestregibert\/wp-json\/wp\/v2\/types\/post"}],"author":[{"embeddable":true,"href":"https:\/\/agora.xtec.cat\/ceipmestregibert\/wp-json\/wp\/v2\/users\/9"}],"replies":[{"embeddable":true,"href":"https:\/\/agora.xtec.cat\/ceipmestregibert\/wp-json\/wp\/v2\/comments?post=8684"}],"version-history":[{"count":3,"href":"https:\/\/agora.xtec.cat\/ceipmestregibert\/wp-json\/wp\/v2\/posts\/8684\/revisions"}],"predecessor-version":[{"id":8710,"href":"https:\/\/agora.xtec.cat\/ceipmestregibert\/wp-json\/wp\/v2\/posts\/8684\/revisions\/8710"}],"wp:featuredmedia":[{"embeddable":true,"href":"https:\/\/agora.xtec.cat\/ceipmestregibert\/wp-json\/wp\/v2\/media\/8702"}],"wp:attachment":[{"href":"https:\/\/agora.xtec.cat\/ceipmestregibert\/wp-json\/wp\/v2\/media?parent=8684"}],"wp:term":[{"taxonomy":"category","embeddable":true,"href":"https:\/\/agora.xtec.cat\/ceipmestregibert\/wp-json\/wp\/v2\/categories?post=8684"},{"taxonomy":"post_tag","embeddable":true,"href":"https:\/\/agora.xtec.cat\/ceipmestregibert\/wp-json\/wp\/v2\/tags?post=8684"}],"curies":[{"name":"wp","href":"https:\/\/api.w.org\/{rel}","templated":true}]}}