{"id":8666,"date":"2021-05-31T08:53:44","date_gmt":"2021-05-31T06:53:44","guid":{"rendered":"http:\/\/agora.xtec.cat\/ceipmestregibert\/?p=8666"},"modified":"2021-05-31T08:53:44","modified_gmt":"2021-05-31T06:53:44","slug":"per-que-van-desapareixer-els-dinosaures-p5a","status":"publish","type":"post","link":"https:\/\/agora.xtec.cat\/ceipmestregibert\/general\/per-que-van-desapareixer-els-dinosaures-p5a\/","title":{"rendered":"Per qu\u00e8 van desapar\u00e8ixer els dinosaures? &#8211; P5A"},"content":{"rendered":"<p><span style=\"vertical-align: inherit;\"><span style=\"vertical-align: inherit;\">Durant els \u00faltims mesos del curs hem portat a terme un treball molt acurat d&#8217;investigaci\u00f3 arrel la hip\u00f2tesi:\u00a0\u00a0<\/span><\/span><\/p>\n<ul>\n<li><strong><span style=\"vertical-align: inherit;\"><span style=\"vertical-align: inherit;\">Per qu\u00e8 van desapar\u00e8ixer els dinosaures?<\/span><\/span><\/strong><\/li>\n<\/ul>\n<p>I sabeu qu\u00e8? Ja tenim resposta a aquesta q\u00fcesti\u00f3, per aquest motiu hem preparat aquest v\u00eddeo explicatiu. Desitgem que us agradi molt!!!!<\/p>\n<p>Premeu el seg\u00fcent enlla\u00e7 per a visualitzar-lo:<\/p>\n<p><a href=\"https:\/\/photos.app.goo.gl\/fhP5nznmkbFBX27u5\">https:\/\/photos.app.goo.gl\/fhP5nznmkbFBX27u5<\/a><\/p>\n<p><img loading=\"lazy\" decoding=\"async\" class=\"aligncenter size-medium wp-image-8669\" src=\"https:\/\/agora.xtec.cat\/ceipmestregibert\/wp-content\/uploads\/usu791\/2021\/05\/1-2-300x200.jpg\" alt=\"\" width=\"300\" height=\"200\" srcset=\"https:\/\/agora.xtec.cat\/ceipmestregibert\/wp-content\/uploads\/usu791\/2021\/05\/1-2-300x200.jpg 300w, https:\/\/agora.xtec.cat\/ceipmestregibert\/wp-content\/uploads\/usu791\/2021\/05\/1-2.jpg 716w\" sizes=\"auto, (max-width: 300px) 100vw, 300px\" \/><\/p>\n","protected":false},"excerpt":{"rendered":"<p>Durant els \u00faltims mesos del curs hem portat a terme un treball molt acurat d&#8217;investigaci\u00f3 arrel la hip\u00f2tesi:\u00a0\u00a0<\/p>\n<ul>\n<li>Per qu\u00e8 van desapar\u00e8ixer els dinosaures?<\/li>\n<\/ul>\n<p>I sabeu qu\u00e8? Ja tenim resposta a aquesta q\u00fcesti\u00f3, per aquest motiu hem preparat aquest v\u00eddeo explicatiu. Desitgem que us agradi molt!!!!<br \/>\nPremeu el&hellip;  <a href=\"https:\/\/agora.xtec.cat\/ceipmestregibert\/general\/per-que-van-desapareixer-els-dinosaures-p5a\/\" title=\"Read Per qu\u00e8 van desapar\u00e8ixer els dinosaures? &#8211; P5A\">Llegeix m\u00e9s\u00bb<\/a><\/p>\n","protected":false},"author":11,"featured_media":5849,"comment_status":"open","ping_status":"closed","sticky":false,"template":"","format":"standard","meta":{"_bbp_topic_count":0,"_bbp_reply_count":0,"_bbp_total_topic_count":0,"_bbp_total_reply_count":0,"_bbp_voice_count":0,"_bbp_anonymous_reply_count":0,"_bbp_topic_count_hidden":0,"_bbp_reply_count_hidden":0,"_bbp_forum_subforum_count":0,"footnotes":""},"categories":[202,26,1],"tags":[],"class_list":["post-8666","post","type-post","status-publish","format-standard","has-post-thumbnail","hentry","category-2021-p5","category-educacioinfantil","category-general"],"post_mailing_queue_ids":[],"_links":{"self":[{"href":"https:\/\/agora.xtec.cat\/ceipmestregibert\/wp-json\/wp\/v2\/posts\/8666","targetHints":{"allow":["GET"]}}],"collection":[{"href":"https:\/\/agora.xtec.cat\/ceipmestregibert\/wp-json\/wp\/v2\/posts"}],"about":[{"href":"https:\/\/agora.xtec.cat\/ceipmestregibert\/wp-json\/wp\/v2\/types\/post"}],"author":[{"embeddable":true,"href":"https:\/\/agora.xtec.cat\/ceipmestregibert\/wp-json\/wp\/v2\/users\/11"}],"replies":[{"embeddable":true,"href":"https:\/\/agora.xtec.cat\/ceipmestregibert\/wp-json\/wp\/v2\/comments?post=8666"}],"version-history":[{"count":3,"href":"https:\/\/agora.xtec.cat\/ceipmestregibert\/wp-json\/wp\/v2\/posts\/8666\/revisions"}],"predecessor-version":[{"id":8672,"href":"https:\/\/agora.xtec.cat\/ceipmestregibert\/wp-json\/wp\/v2\/posts\/8666\/revisions\/8672"}],"wp:featuredmedia":[{"embeddable":true,"href":"https:\/\/agora.xtec.cat\/ceipmestregibert\/wp-json\/wp\/v2\/media\/5849"}],"wp:attachment":[{"href":"https:\/\/agora.xtec.cat\/ceipmestregibert\/wp-json\/wp\/v2\/media?parent=8666"}],"wp:term":[{"taxonomy":"category","embeddable":true,"href":"https:\/\/agora.xtec.cat\/ceipmestregibert\/wp-json\/wp\/v2\/categories?post=8666"},{"taxonomy":"post_tag","embeddable":true,"href":"https:\/\/agora.xtec.cat\/ceipmestregibert\/wp-json\/wp\/v2\/tags?post=8666"}],"curies":[{"name":"wp","href":"https:\/\/api.w.org\/{rel}","templated":true}]}}