{"id":8625,"date":"2021-05-20T13:04:46","date_gmt":"2021-05-20T11:04:46","guid":{"rendered":"http:\/\/agora.xtec.cat\/ceipmestregibert\/?p=8625"},"modified":"2021-05-20T13:04:46","modified_gmt":"2021-05-20T11:04:46","slug":"tallers-dhort-i-jardi","status":"publish","type":"post","link":"https:\/\/agora.xtec.cat\/ceipmestregibert\/general\/tallers-dhort-i-jardi\/","title":{"rendered":"TALLERS D\u00b4HORT I JARD\u00cd"},"content":{"rendered":"<p style=\"text-align: center;\"><strong>ESCOLA MESTRE GIBERT I CAMINS<\/strong><br \/>\n<strong>CASALET DE TARDES<\/strong><br \/>\n<strong>TALLERS D\u00b4HORT I JARD\u00cd<\/strong><br \/>\n<strong>Curs 2020-21<\/strong><\/p>\n<p style=\"text-align: left;\">\nEls nens i nenes del CASALET DE TARDES, organitzat per l\u00b4AFA a l\u00b4Escola Mestre Gibert i Camins, entre moltes altres activitats han fet TALLER D\u00b4HORT I JARD\u00cd, aprofitant els espais i recursos dels patis de l\u00b4escola.<br \/>\nHan participat tots els infants amb els seus respectius grups bombolla des de P3 a 6\u00e8.<br \/>\nL\u00b4activitat t\u00e9 com a objectius:<\/p>\n<ul>\n<li>Apropar-nos a la natura i al medi ambient.<\/li>\n<li>Con\u00e8ixer per seu nom i caracter\u00edstiques les diferents plantes de jard\u00ed i hort.<\/li>\n<li>Aprendre a tenir-ne cura i estimar-les i respectar-les com a essers vius, tant a l\u00b4escola com a qualsevol altre entorn natural on vagin.<\/li>\n<li>Motivar als nens i nenes a plantar plantes a les finestres i balcons de casa.<\/li>\n<li>Conscienciar-nos dels beneficis emocionals que te tenir natura a prop. Treballar la sensibilitat.<\/li>\n<li>Aprendre a plantar, com es reprodueixen, saber-les classificar&#8230;.<\/li>\n<li>Observar les plantes des que es planta la llavor o el planter, com creixen, com donen flors, com de la flor en ve el fruit&#8230;<\/li>\n<li>Donar bellesa i frescor als espais de l\u00b4escola.<\/li>\n<\/ul>\n<p>Tots els participants han estat molt receptius, els ha agradat molt l\u00b4activitat i han mostrat molt d\u2019inter\u00e8s i actitud positiva.<br \/>\nS\u00b4han assolit els objectius i han compartit entre tots i totes les experi\u00e8ncies.<\/p>\n<p>Podeu veure m\u00e9s imatges en aquest <a href=\"https:\/\/drive.google.com\/drive\/folders\/1fQLOsDtNfpZd5R95xIF1Ads6M-EovjVz?usp=sharing\">link.<\/a><\/p>\n","protected":false},"excerpt":{"rendered":"<p>ESCOLA MESTRE GIBERT I CAMINS<br \/>\nCASALET DE TARDES<br \/>\nTALLERS D\u00b4HORT I JARD\u00cd<br \/>\nCurs 2020-21<\/p>\n<p>Els nens i nenes del CASALET DE TARDES, organitzat per l\u00b4AFA a l\u00b4Escola Mestre Gibert i Camins, entre moltes altres activitats han fet TALLER D\u00b4HORT I JARD\u00cd, aprofitant els espais i recursos dels patis de&hellip;  <a href=\"https:\/\/agora.xtec.cat\/ceipmestregibert\/general\/tallers-dhort-i-jardi\/\" title=\"Read TALLERS D\u00b4HORT I JARD\u00cd\">Llegeix m\u00e9s\u00bb<\/a><\/p>\n","protected":false},"author":9,"featured_media":8626,"comment_status":"open","ping_status":"closed","sticky":false,"template":"","format":"standard","meta":{"_bbp_topic_count":0,"_bbp_reply_count":0,"_bbp_total_topic_count":0,"_bbp_total_reply_count":0,"_bbp_voice_count":0,"_bbp_anonymous_reply_count":0,"_bbp_topic_count_hidden":0,"_bbp_reply_count_hidden":0,"_bbp_forum_subforum_count":0,"footnotes":""},"categories":[1],"tags":[],"class_list":["post-8625","post","type-post","status-publish","format-standard","has-post-thumbnail","hentry","category-general"],"post_mailing_queue_ids":[],"_links":{"self":[{"href":"https:\/\/agora.xtec.cat\/ceipmestregibert\/wp-json\/wp\/v2\/posts\/8625","targetHints":{"allow":["GET"]}}],"collection":[{"href":"https:\/\/agora.xtec.cat\/ceipmestregibert\/wp-json\/wp\/v2\/posts"}],"about":[{"href":"https:\/\/agora.xtec.cat\/ceipmestregibert\/wp-json\/wp\/v2\/types\/post"}],"author":[{"embeddable":true,"href":"https:\/\/agora.xtec.cat\/ceipmestregibert\/wp-json\/wp\/v2\/users\/9"}],"replies":[{"embeddable":true,"href":"https:\/\/agora.xtec.cat\/ceipmestregibert\/wp-json\/wp\/v2\/comments?post=8625"}],"version-history":[{"count":1,"href":"https:\/\/agora.xtec.cat\/ceipmestregibert\/wp-json\/wp\/v2\/posts\/8625\/revisions"}],"predecessor-version":[{"id":8627,"href":"https:\/\/agora.xtec.cat\/ceipmestregibert\/wp-json\/wp\/v2\/posts\/8625\/revisions\/8627"}],"wp:featuredmedia":[{"embeddable":true,"href":"https:\/\/agora.xtec.cat\/ceipmestregibert\/wp-json\/wp\/v2\/media\/8626"}],"wp:attachment":[{"href":"https:\/\/agora.xtec.cat\/ceipmestregibert\/wp-json\/wp\/v2\/media?parent=8625"}],"wp:term":[{"taxonomy":"category","embeddable":true,"href":"https:\/\/agora.xtec.cat\/ceipmestregibert\/wp-json\/wp\/v2\/categories?post=8625"},{"taxonomy":"post_tag","embeddable":true,"href":"https:\/\/agora.xtec.cat\/ceipmestregibert\/wp-json\/wp\/v2\/tags?post=8625"}],"curies":[{"name":"wp","href":"https:\/\/api.w.org\/{rel}","templated":true}]}}