{"id":8537,"date":"2021-04-30T12:25:08","date_gmt":"2021-04-30T10:25:08","guid":{"rendered":"http:\/\/agora.xtec.cat\/ceipmestregibert\/?p=8537"},"modified":"2021-05-13T15:02:46","modified_gmt":"2021-05-13T13:02:46","slug":"sant-jordi-2021","status":"publish","type":"post","link":"https:\/\/agora.xtec.cat\/ceipmestregibert\/general\/sant-jordi-2021\/","title":{"rendered":"Sant Jordi 2021"},"content":{"rendered":"<p>Divendres 23 d&#8217;abril vam celebrar a l&#8217;escola la diada de Sant Jordi \ud83d\udc32\ud83c\udf39<\/p>\n<p>Aquest curs, a causa de la covid-19, hem hagut de fer un Sant Jordi una mica diferent, per\u00f2 l&#8217;hem viscut amb emoci\u00f3 i alegria. Els nens i nenes de 6\u00e8 van posar unes petites paradetes per vendre roses de caramel i, amb els diners guanyats, poder pagar una part de la sortida que faran a final de curs.<\/p>\n<p>Tamb\u00e9 vam fer una petita cerim\u00f2nia d&#8217;entrega de premis. A 6\u00e8 van poder decidir escriure un conte o un poema. No va ser f\u00e0cil escollir els guanyadors i guanyadores!<\/p>\n<p>Feu clic a la imatge si voleu veure les fotos d&#8217;aquest dia tan especial.<\/p>\n<p><a href=\"https:\/\/photos.app.goo.gl\/BS7Gchok5SURtZdu8\"><img loading=\"lazy\" decoding=\"async\" class=\"aligncenter wp-image-8494 size-full\" src=\"https:\/\/agora.xtec.cat\/ceipmestregibert\/wp-content\/uploads\/usu791\/2021\/04\/IMG_4448-e1619437178528.jpg\" alt=\"\" width=\"534\" height=\"194\" srcset=\"https:\/\/agora.xtec.cat\/ceipmestregibert\/wp-content\/uploads\/usu791\/2021\/04\/IMG_4448-e1619437178528.jpg 534w, https:\/\/agora.xtec.cat\/ceipmestregibert\/wp-content\/uploads\/usu791\/2021\/04\/IMG_4448-e1619437178528-300x109.jpg 300w\" sizes=\"auto, (max-width: 534px) 100vw, 534px\" \/><\/a><\/p>\n","protected":false},"excerpt":{"rendered":"<p>Divendres 23 d&#8217;abril vam celebrar a l&#8217;escola la diada de Sant Jordi \ud83d\udc32\ud83c\udf39<br \/>\nAquest curs, a causa de la covid-19, hem hagut de fer un Sant Jordi una mica diferent, per\u00f2 l&#8217;hem viscut amb emoci\u00f3 i alegria. Els nens i nenes de 6\u00e8 van posar unes&hellip;  <a href=\"https:\/\/agora.xtec.cat\/ceipmestregibert\/general\/sant-jordi-2021\/\" title=\"Read Sant Jordi 2021\">Llegeix m\u00e9s\u00bb<\/a><\/p>\n","protected":false},"author":9,"featured_media":8494,"comment_status":"open","ping_status":"closed","sticky":false,"template":"","format":"standard","meta":{"_bbp_topic_count":0,"_bbp_reply_count":0,"_bbp_total_topic_count":0,"_bbp_total_reply_count":0,"_bbp_voice_count":0,"_bbp_anonymous_reply_count":0,"_bbp_topic_count_hidden":0,"_bbp_reply_count_hidden":0,"_bbp_forum_subforum_count":0,"footnotes":""},"categories":[199,157,1],"tags":[],"class_list":["post-8537","post","type-post","status-publish","format-standard","has-post-thumbnail","hentry","category-2021-6e","category-cicle_superior","category-general"],"post_mailing_queue_ids":[],"_links":{"self":[{"href":"https:\/\/agora.xtec.cat\/ceipmestregibert\/wp-json\/wp\/v2\/posts\/8537","targetHints":{"allow":["GET"]}}],"collection":[{"href":"https:\/\/agora.xtec.cat\/ceipmestregibert\/wp-json\/wp\/v2\/posts"}],"about":[{"href":"https:\/\/agora.xtec.cat\/ceipmestregibert\/wp-json\/wp\/v2\/types\/post"}],"author":[{"embeddable":true,"href":"https:\/\/agora.xtec.cat\/ceipmestregibert\/wp-json\/wp\/v2\/users\/9"}],"replies":[{"embeddable":true,"href":"https:\/\/agora.xtec.cat\/ceipmestregibert\/wp-json\/wp\/v2\/comments?post=8537"}],"version-history":[{"count":3,"href":"https:\/\/agora.xtec.cat\/ceipmestregibert\/wp-json\/wp\/v2\/posts\/8537\/revisions"}],"predecessor-version":[{"id":8541,"href":"https:\/\/agora.xtec.cat\/ceipmestregibert\/wp-json\/wp\/v2\/posts\/8537\/revisions\/8541"}],"wp:featuredmedia":[{"embeddable":true,"href":"https:\/\/agora.xtec.cat\/ceipmestregibert\/wp-json\/wp\/v2\/media\/8494"}],"wp:attachment":[{"href":"https:\/\/agora.xtec.cat\/ceipmestregibert\/wp-json\/wp\/v2\/media?parent=8537"}],"wp:term":[{"taxonomy":"category","embeddable":true,"href":"https:\/\/agora.xtec.cat\/ceipmestregibert\/wp-json\/wp\/v2\/categories?post=8537"},{"taxonomy":"post_tag","embeddable":true,"href":"https:\/\/agora.xtec.cat\/ceipmestregibert\/wp-json\/wp\/v2\/tags?post=8537"}],"curies":[{"name":"wp","href":"https:\/\/api.w.org\/{rel}","templated":true}]}}